{"id":5868,"date":"2025-10-29T13:24:56","date_gmt":"2025-10-29T12:24:56","guid":{"rendered":"https:\/\/agora.xtec.cat\/ceipjoventutcallus\/?p=5868"},"modified":"2025-10-29T13:24:56","modified_gmt":"2025-10-29T12:24:56","slug":"presentacio-de-la-castanyada-2","status":"publish","type":"post","link":"https:\/\/agora.xtec.cat\/ceipjoventutcallus\/cm\/presentacio-de-la-castanyada-2\/","title":{"rendered":"Presentaci\u00f3 de la Castanyada"},"content":{"rendered":"<p>Aquest curs els nens i nenes de Cicle Mitj\u00e0 ens hem encarregat de fer la presentaci\u00f3 de la Castanyada als nostres companys i companyes de l&#8217;escola.<\/p>\n<p>Mireu <a href=\"https:\/\/drive.google.com\/drive\/folders\/1Qc8F7qugq5gXV88cGmXhbJi3gE0qvXSI?usp=sharing\" target=\"_blank\" rel=\"noopener\">fent clic aqu\u00ed les fotos<\/a>.<\/p>\n","protected":false},"excerpt":{"rendered":"<p>Aquest curs els nens i nenes de Cicle Mitj\u00e0 ens hem encarregat de fer la presentaci\u00f3 de la Castanyada als nostres companys i companyes de l&#8217;escola.<br \/>\nMireu <a href=\"https:\/\/drive.google.com\/drive\/folders\/1Qc8F7qugq5gXV88cGmXhbJi3gE0qvXSI?usp=sharing\" target=\"_blank\" rel=\"noopener\">fent clic aqu\u00ed les fotos<\/a>.<\/p>\n","protected":false},"author":12,"featured_media":5870,"comment_status":"open","ping_status":"open","sticky":false,"template":"","format":"standard","meta":{"_bbp_topic_count":0,"_bbp_reply_count":0,"_bbp_total_topic_count":0,"_bbp_total_reply_count":0,"_bbp_voice_count":0,"_bbp_anonymous_reply_count":0,"_bbp_topic_count_hidden":0,"_bbp_reply_count_hidden":0,"_bbp_forum_subforum_count":0,"footnotes":""},"categories":[62],"tags":[119],"class_list":["post-5868","post","type-post","status-publish","format-standard","has-post-thumbnail","hentry","category-cm","tag-castanyada"],"post_mailing_queue_ids":[],"_links":{"self":[{"href":"https:\/\/agora.xtec.cat\/ceipjoventutcallus\/wp-json\/wp\/v2\/posts\/5868","targetHints":{"allow":["GET"]}}],"collection":[{"href":"https:\/\/agora.xtec.cat\/ceipjoventutcallus\/wp-json\/wp\/v2\/posts"}],"about":[{"href":"https:\/\/agora.xtec.cat\/ceipjoventutcallus\/wp-json\/wp\/v2\/types\/post"}],"author":[{"embeddable":true,"href":"https:\/\/agora.xtec.cat\/ceipjoventutcallus\/wp-json\/wp\/v2\/users\/12"}],"replies":[{"embeddable":true,"href":"https:\/\/agora.xtec.cat\/ceipjoventutcallus\/wp-json\/wp\/v2\/comments?post=5868"}],"version-history":[{"count":1,"href":"https:\/\/agora.xtec.cat\/ceipjoventutcallus\/wp-json\/wp\/v2\/posts\/5868\/revisions"}],"predecessor-version":[{"id":5869,"href":"https:\/\/agora.xtec.cat\/ceipjoventutcallus\/wp-json\/wp\/v2\/posts\/5868\/revisions\/5869"}],"wp:featuredmedia":[{"embeddable":true,"href":"https:\/\/agora.xtec.cat\/ceipjoventutcallus\/wp-json\/wp\/v2\/media\/5870"}],"wp:attachment":[{"href":"https:\/\/agora.xtec.cat\/ceipjoventutcallus\/wp-json\/wp\/v2\/media?parent=5868"}],"wp:term":[{"taxonomy":"category","embeddable":true,"href":"https:\/\/agora.xtec.cat\/ceipjoventutcallus\/wp-json\/wp\/v2\/categories?post=5868"},{"taxonomy":"post_tag","embeddable":true,"href":"https:\/\/agora.xtec.cat\/ceipjoventutcallus\/wp-json\/wp\/v2\/tags?post=5868"}],"curies":[{"name":"wp","href":"https:\/\/api.w.org\/{rel}","templated":true}]}}