{"id":5623,"date":"2025-05-19T12:57:26","date_gmt":"2025-05-19T10:57:26","guid":{"rendered":"https:\/\/agora.xtec.cat\/ceipjoventutcallus\/?p=5623"},"modified":"2025-06-03T13:14:34","modified_gmt":"2025-06-03T11:14:34","slug":"radio-3r-3","status":"publish","type":"post","link":"https:\/\/agora.xtec.cat\/ceipjoventutcallus\/radio-escola-joventut\/radio-3r-3\/","title":{"rendered":"R\u00e0dio 3r"},"content":{"rendered":"<p>&nbsp;<\/p>\n<p style=\"text-align: center;\"><a href=\"https:\/\/drive.google.com\/file\/d\/1irQNEITxwJAoIqsZPrX5M2FSJn7TECDf\/view?usp=sharing\" target=\"_blank\" rel=\"noopener\"><img loading=\"lazy\" decoding=\"async\" class=\"alignnone wp-image-5365 size-full\" src=\"https:\/\/agora.xtec.cat\/ceipjoventutcallus\/wp-content\/uploads\/usu1947\/2024\/11\/logo_radio-e1730812514382.png\" alt=\"\" width=\"300\" height=\"300\" \/><\/a><\/p>\n<p>Continuem una setmana m\u00e9s amb la r\u00e0dio joventut. En aquest cas s\u00f3n els alumnes de 3r els encarregats de gravar aquest podcast.<br \/>\nEl podeu escoltar clicant a la imatge.<\/p>\n","protected":false},"excerpt":{"rendered":"<p>&nbsp;<br \/>\n<a href=\"https:\/\/drive.google.com\/file\/d\/1irQNEITxwJAoIqsZPrX5M2FSJn7TECDf\/view?usp=sharing\" target=\"_blank\" rel=\"noopener\"><\/a><br \/>\nContinuem una setmana m\u00e9s amb la r\u00e0dio joventut. En aquest cas s\u00f3n els alumnes de 3r els encarregats de gravar aquest podcast.<br \/>\nEl podeu escoltar clicant a la imatge.<\/p>\n","protected":false},"author":11,"featured_media":5365,"comment_status":"closed","ping_status":"closed","sticky":false,"template":"","format":"standard","meta":{"_bbp_topic_count":0,"_bbp_reply_count":0,"_bbp_total_topic_count":0,"_bbp_total_reply_count":0,"_bbp_voice_count":0,"_bbp_anonymous_reply_count":0,"_bbp_topic_count_hidden":0,"_bbp_reply_count_hidden":0,"_bbp_forum_subforum_count":0,"footnotes":""},"categories":[139],"tags":[],"class_list":["post-5623","post","type-post","status-publish","format-standard","has-post-thumbnail","hentry","category-radio-escola-joventut"],"post_mailing_queue_ids":[],"_links":{"self":[{"href":"https:\/\/agora.xtec.cat\/ceipjoventutcallus\/wp-json\/wp\/v2\/posts\/5623","targetHints":{"allow":["GET"]}}],"collection":[{"href":"https:\/\/agora.xtec.cat\/ceipjoventutcallus\/wp-json\/wp\/v2\/posts"}],"about":[{"href":"https:\/\/agora.xtec.cat\/ceipjoventutcallus\/wp-json\/wp\/v2\/types\/post"}],"author":[{"embeddable":true,"href":"https:\/\/agora.xtec.cat\/ceipjoventutcallus\/wp-json\/wp\/v2\/users\/11"}],"replies":[{"embeddable":true,"href":"https:\/\/agora.xtec.cat\/ceipjoventutcallus\/wp-json\/wp\/v2\/comments?post=5623"}],"version-history":[{"count":2,"href":"https:\/\/agora.xtec.cat\/ceipjoventutcallus\/wp-json\/wp\/v2\/posts\/5623\/revisions"}],"predecessor-version":[{"id":5631,"href":"https:\/\/agora.xtec.cat\/ceipjoventutcallus\/wp-json\/wp\/v2\/posts\/5623\/revisions\/5631"}],"wp:featuredmedia":[{"embeddable":true,"href":"https:\/\/agora.xtec.cat\/ceipjoventutcallus\/wp-json\/wp\/v2\/media\/5365"}],"wp:attachment":[{"href":"https:\/\/agora.xtec.cat\/ceipjoventutcallus\/wp-json\/wp\/v2\/media?parent=5623"}],"wp:term":[{"taxonomy":"category","embeddable":true,"href":"https:\/\/agora.xtec.cat\/ceipjoventutcallus\/wp-json\/wp\/v2\/categories?post=5623"},{"taxonomy":"post_tag","embeddable":true,"href":"https:\/\/agora.xtec.cat\/ceipjoventutcallus\/wp-json\/wp\/v2\/tags?post=5623"}],"curies":[{"name":"wp","href":"https:\/\/api.w.org\/{rel}","templated":true}]}}