{"id":5605,"date":"2025-05-24T00:27:10","date_gmt":"2025-05-23T22:27:10","guid":{"rendered":"https:\/\/agora.xtec.cat\/ceipjoventutcallus\/?p=5605"},"modified":"2025-05-24T00:49:58","modified_gmt":"2025-05-23T22:49:58","slug":"anem-al-mon-sant-benet","status":"publish","type":"post","link":"https:\/\/agora.xtec.cat\/ceipjoventutcallus\/cm\/anem-al-mon-sant-benet\/","title":{"rendered":"4t. Anem al M\u00f3n Sant Benet"},"content":{"rendered":"<p>El divendres 23 de maig, els nens i nenes de 4t hem anat al M\u00f3n Sant Benet a fer dues activitats molt engrescadores. Primer hem fet una visita guiada al monestir medieval. Hem apr\u00e8s algunes coses sobre l&#8217;Edat Mitjana i la vida dels monjos. Despr\u00e9s d&#8217;esmorzar, hem fet el taller &#8216;Fem cuinetes&#8217;. Ens han ensenyat els principals nutrients dels aliments i hem fet i tastat <a href=\"https:\/\/drive.google.com\/file\/d\/1AWUJlAy2jnb3l5rFu5oSIIbTxb_QFknO\/view?usp=sharing\" target=\"_blank\" rel=\"noopener\">tres receptes<\/a>. Ens han quedat bon\u00edssimes.<\/p>\n<p>Podeu veure les fotos <a href=\"https:\/\/drive.google.com\/drive\/folders\/1RF6z5Xl4KZlRMBj31WmnqOafVcY2DAXY?usp=sharing\" target=\"_blank\" rel=\"noopener\">fent clic aqu\u00ed<\/a>.<\/p>\n","protected":false},"excerpt":{"rendered":"<p>El divendres 23 de maig, els nens i nenes de 4t hem anat al M\u00f3n Sant Benet a fer dues activitats molt engrescadores. Primer hem fet una visita guiada al monestir medieval. Hem apr\u00e8s algunes coses sobre l&#8217;Edat Mitjana i la vida dels monjos. Despr\u00e9s&hellip;  <a href=\"https:\/\/agora.xtec.cat\/ceipjoventutcallus\/cm\/anem-al-mon-sant-benet\/\" title=\"Read 4t. Anem al M\u00f3n Sant Benet\">Llegeix m\u00e9s\u00bb<\/a><\/p>\n","protected":false},"author":12,"featured_media":5606,"comment_status":"closed","ping_status":"closed","sticky":false,"template":"","format":"standard","meta":{"_bbp_topic_count":0,"_bbp_reply_count":0,"_bbp_total_topic_count":0,"_bbp_total_reply_count":0,"_bbp_voice_count":0,"_bbp_anonymous_reply_count":0,"_bbp_topic_count_hidden":0,"_bbp_reply_count_hidden":0,"_bbp_forum_subforum_count":0,"footnotes":""},"categories":[62],"tags":[150,16],"class_list":["post-5605","post","type-post","status-publish","format-standard","has-post-thumbnail","hentry","category-cm","tag-mon-sant-benet","tag-sortides"],"post_mailing_queue_ids":[],"_links":{"self":[{"href":"https:\/\/agora.xtec.cat\/ceipjoventutcallus\/wp-json\/wp\/v2\/posts\/5605","targetHints":{"allow":["GET"]}}],"collection":[{"href":"https:\/\/agora.xtec.cat\/ceipjoventutcallus\/wp-json\/wp\/v2\/posts"}],"about":[{"href":"https:\/\/agora.xtec.cat\/ceipjoventutcallus\/wp-json\/wp\/v2\/types\/post"}],"author":[{"embeddable":true,"href":"https:\/\/agora.xtec.cat\/ceipjoventutcallus\/wp-json\/wp\/v2\/users\/12"}],"replies":[{"embeddable":true,"href":"https:\/\/agora.xtec.cat\/ceipjoventutcallus\/wp-json\/wp\/v2\/comments?post=5605"}],"version-history":[{"count":3,"href":"https:\/\/agora.xtec.cat\/ceipjoventutcallus\/wp-json\/wp\/v2\/posts\/5605\/revisions"}],"predecessor-version":[{"id":5609,"href":"https:\/\/agora.xtec.cat\/ceipjoventutcallus\/wp-json\/wp\/v2\/posts\/5605\/revisions\/5609"}],"wp:featuredmedia":[{"embeddable":true,"href":"https:\/\/agora.xtec.cat\/ceipjoventutcallus\/wp-json\/wp\/v2\/media\/5606"}],"wp:attachment":[{"href":"https:\/\/agora.xtec.cat\/ceipjoventutcallus\/wp-json\/wp\/v2\/media?parent=5605"}],"wp:term":[{"taxonomy":"category","embeddable":true,"href":"https:\/\/agora.xtec.cat\/ceipjoventutcallus\/wp-json\/wp\/v2\/categories?post=5605"},{"taxonomy":"post_tag","embeddable":true,"href":"https:\/\/agora.xtec.cat\/ceipjoventutcallus\/wp-json\/wp\/v2\/tags?post=5605"}],"curies":[{"name":"wp","href":"https:\/\/api.w.org\/{rel}","templated":true}]}}