{"id":5599,"date":"2025-05-20T17:53:02","date_gmt":"2025-05-20T15:53:02","guid":{"rendered":"https:\/\/agora.xtec.cat\/ceipjoventutcallus\/?p=5599"},"modified":"2025-11-09T09:56:14","modified_gmt":"2025-11-09T08:56:14","slug":"setmana-de-la-salut-maig-2025","status":"publish","type":"post","link":"https:\/\/agora.xtec.cat\/ceipjoventutcallus\/general\/setmana-de-la-salut-maig-2025\/","title":{"rendered":"SETMANA DE LA SALUT maig 2025"},"content":{"rendered":"<p>Del 5 al 9 de maig, vam celebrar la setmana de la salut amb un gran nombre de propostes:<\/p>\n<ul>\n<li>CROS ESCOLAR <a href=\"https:\/\/drive.google.com\/drive\/folders\/1IRY_bXLvqa9cbzVsZfbXo9WBaJ7y7mg8?usp=sharing\">(fotos)<\/a><\/li>\n<li>ESMORZAR SALUDABLE <a href=\"https:\/\/drive.google.com\/drive\/folders\/1-2FkYa_Y6a8DsfQI_UhhjVqFusr57i_Z?usp=sharing\">(fotos)<\/a><\/li>\n<li>MULTIESPORTIVA <a href=\"https:\/\/drive.google.com\/drive\/folders\/1zEHmQ9jCsSm3709BRY7cbrBlejAEWUrz?usp=sharing\">(fotos)<\/a><\/li>\n<\/ul>\n<p>Tamb\u00e9 altres activitats a c\u00e0rrec dels mestres de l&#8217;escola, xerrades que ens va oferir l&#8217;ajuntament i tallers i que xerrades a c\u00e0rrec de fam\u00edlies de l&#8217;escola.<\/p>\n<p>Molt\u00edssimes gr\u00e0cies a totes les persones que hi heu col.laborat i fet possible.<\/p>\n","protected":false},"excerpt":{"rendered":"<p>Del 5 al 9 de maig, vam celebrar la setmana de la salut amb un gran nombre de propostes:<\/p>\n<ul>\n<li>CROS ESCOLAR <a href=\"https:\/\/drive.google.com\/drive\/folders\/1IRY_bXLvqa9cbzVsZfbXo9WBaJ7y7mg8?usp=sharing\">(fotos)<\/a><\/li>\n<li>ESMORZAR SALUDABLE <a href=\"https:\/\/drive.google.com\/drive\/folders\/1-2FkYa_Y6a8DsfQI_UhhjVqFusr57i_Z?usp=sharing\">(fotos)<\/a><\/li>\n<li>MULTIESPORTIVA <a href=\"https:\/\/drive.google.com\/drive\/folders\/1zEHmQ9jCsSm3709BRY7cbrBlejAEWUrz?usp=sharing\">(fotos)<\/a><\/li>\n<\/ul>\n<p>Tamb\u00e9 altres activitats a c\u00e0rrec dels mestres de l&#8217;escola, xerrades que ens va oferir l&#8217;ajuntament i tallers i que&hellip;  <a href=\"https:\/\/agora.xtec.cat\/ceipjoventutcallus\/general\/setmana-de-la-salut-maig-2025\/\" title=\"Read SETMANA DE LA SALUT maig 2025\">Llegeix m\u00e9s\u00bb<\/a><\/p>\n","protected":false},"author":1,"featured_media":5600,"comment_status":"closed","ping_status":"closed","sticky":false,"template":"","format":"standard","meta":{"_bbp_topic_count":0,"_bbp_reply_count":0,"_bbp_total_topic_count":0,"_bbp_total_reply_count":0,"_bbp_voice_count":0,"_bbp_anonymous_reply_count":0,"_bbp_topic_count_hidden":0,"_bbp_reply_count_hidden":0,"_bbp_forum_subforum_count":0,"footnotes":""},"categories":[1,4],"tags":[],"class_list":["post-5599","post","type-post","status-publish","format-standard","has-post-thumbnail","hentry","category-general","category-portada"],"post_mailing_queue_ids":[],"_links":{"self":[{"href":"https:\/\/agora.xtec.cat\/ceipjoventutcallus\/wp-json\/wp\/v2\/posts\/5599","targetHints":{"allow":["GET"]}}],"collection":[{"href":"https:\/\/agora.xtec.cat\/ceipjoventutcallus\/wp-json\/wp\/v2\/posts"}],"about":[{"href":"https:\/\/agora.xtec.cat\/ceipjoventutcallus\/wp-json\/wp\/v2\/types\/post"}],"author":[{"embeddable":true,"href":"https:\/\/agora.xtec.cat\/ceipjoventutcallus\/wp-json\/wp\/v2\/users\/1"}],"replies":[{"embeddable":true,"href":"https:\/\/agora.xtec.cat\/ceipjoventutcallus\/wp-json\/wp\/v2\/comments?post=5599"}],"version-history":[{"count":5,"href":"https:\/\/agora.xtec.cat\/ceipjoventutcallus\/wp-json\/wp\/v2\/posts\/5599\/revisions"}],"predecessor-version":[{"id":5917,"href":"https:\/\/agora.xtec.cat\/ceipjoventutcallus\/wp-json\/wp\/v2\/posts\/5599\/revisions\/5917"}],"wp:featuredmedia":[{"embeddable":true,"href":"https:\/\/agora.xtec.cat\/ceipjoventutcallus\/wp-json\/wp\/v2\/media\/5600"}],"wp:attachment":[{"href":"https:\/\/agora.xtec.cat\/ceipjoventutcallus\/wp-json\/wp\/v2\/media?parent=5599"}],"wp:term":[{"taxonomy":"category","embeddable":true,"href":"https:\/\/agora.xtec.cat\/ceipjoventutcallus\/wp-json\/wp\/v2\/categories?post=5599"},{"taxonomy":"post_tag","embeddable":true,"href":"https:\/\/agora.xtec.cat\/ceipjoventutcallus\/wp-json\/wp\/v2\/tags?post=5599"}],"curies":[{"name":"wp","href":"https:\/\/api.w.org\/{rel}","templated":true}]}}