{"id":5541,"date":"2025-03-26T12:48:13","date_gmt":"2025-03-26T11:48:13","guid":{"rendered":"https:\/\/agora.xtec.cat\/ceipjoventutcallus\/?p=5541"},"modified":"2025-03-26T12:48:13","modified_gmt":"2025-03-26T11:48:13","slug":"colonies-2025","status":"publish","type":"post","link":"https:\/\/agora.xtec.cat\/ceipjoventutcallus\/cm\/colonies-2025\/","title":{"rendered":"Col\u00f2nies 2025"},"content":{"rendered":"<p>Els nens i nenes de Cicle Mitj\u00e0 vam anar de col\u00f2nies a Can Ton Xic (Tav\u00e8rnoles) els dies 20 i 21 de mar\u00e7.<\/p>\n<p>Vam tenir molta sort perqu\u00e8, tot i que va ploure una mica, el temps ens va permetre fer totes les activitats: la cursa d\u2019orientaci\u00f3, activitats de descoberta, amb el cavalls, sortida per l&#8217;entorn, joc de nit i fins i tot &#8230; discoteca!<\/p>\n<p>Mireu qu\u00e8 b\u00e9 ens ho vam passar fent clic <a href=\"https:\/\/drive.google.com\/drive\/folders\/1leBJwJpB2i-sRycKajP8hN2NEF25-tis?usp=drive_link\" target=\"_blank\" rel=\"noopener\">aqu\u00ed.<\/a><\/p>\n","protected":false},"excerpt":{"rendered":"<p>Els nens i nenes de Cicle Mitj\u00e0 vam anar de col\u00f2nies a Can Ton Xic (Tav\u00e8rnoles) els dies 20 i 21 de mar\u00e7.<br \/>\nVam tenir molta sort perqu\u00e8, tot i que va ploure una mica, el temps ens va permetre fer totes les activitats: la cursa&hellip;  <a href=\"https:\/\/agora.xtec.cat\/ceipjoventutcallus\/cm\/colonies-2025\/\" title=\"Read Col\u00f2nies 2025\">Llegeix m\u00e9s\u00bb<\/a><\/p>\n","protected":false},"author":12,"featured_media":5546,"comment_status":"open","ping_status":"closed","sticky":false,"template":"","format":"standard","meta":{"_bbp_topic_count":0,"_bbp_reply_count":0,"_bbp_total_topic_count":0,"_bbp_total_reply_count":0,"_bbp_voice_count":0,"_bbp_anonymous_reply_count":0,"_bbp_topic_count_hidden":0,"_bbp_reply_count_hidden":0,"_bbp_forum_subforum_count":0,"footnotes":""},"categories":[62],"tags":[77],"class_list":["post-5541","post","type-post","status-publish","format-standard","has-post-thumbnail","hentry","category-cm","tag-colonies"],"post_mailing_queue_ids":[],"_links":{"self":[{"href":"https:\/\/agora.xtec.cat\/ceipjoventutcallus\/wp-json\/wp\/v2\/posts\/5541","targetHints":{"allow":["GET"]}}],"collection":[{"href":"https:\/\/agora.xtec.cat\/ceipjoventutcallus\/wp-json\/wp\/v2\/posts"}],"about":[{"href":"https:\/\/agora.xtec.cat\/ceipjoventutcallus\/wp-json\/wp\/v2\/types\/post"}],"author":[{"embeddable":true,"href":"https:\/\/agora.xtec.cat\/ceipjoventutcallus\/wp-json\/wp\/v2\/users\/12"}],"replies":[{"embeddable":true,"href":"https:\/\/agora.xtec.cat\/ceipjoventutcallus\/wp-json\/wp\/v2\/comments?post=5541"}],"version-history":[{"count":3,"href":"https:\/\/agora.xtec.cat\/ceipjoventutcallus\/wp-json\/wp\/v2\/posts\/5541\/revisions"}],"predecessor-version":[{"id":5545,"href":"https:\/\/agora.xtec.cat\/ceipjoventutcallus\/wp-json\/wp\/v2\/posts\/5541\/revisions\/5545"}],"wp:featuredmedia":[{"embeddable":true,"href":"https:\/\/agora.xtec.cat\/ceipjoventutcallus\/wp-json\/wp\/v2\/media\/5546"}],"wp:attachment":[{"href":"https:\/\/agora.xtec.cat\/ceipjoventutcallus\/wp-json\/wp\/v2\/media?parent=5541"}],"wp:term":[{"taxonomy":"category","embeddable":true,"href":"https:\/\/agora.xtec.cat\/ceipjoventutcallus\/wp-json\/wp\/v2\/categories?post=5541"},{"taxonomy":"post_tag","embeddable":true,"href":"https:\/\/agora.xtec.cat\/ceipjoventutcallus\/wp-json\/wp\/v2\/tags?post=5541"}],"curies":[{"name":"wp","href":"https:\/\/api.w.org\/{rel}","templated":true}]}}