{"id":5479,"date":"2025-02-10T12:53:31","date_gmt":"2025-02-10T11:53:31","guid":{"rendered":"https:\/\/agora.xtec.cat\/ceipjoventutcallus\/?p=5479"},"modified":"2025-02-18T13:01:07","modified_gmt":"2025-02-18T12:01:07","slug":"radio-4t-a","status":"publish","type":"post","link":"https:\/\/agora.xtec.cat\/ceipjoventutcallus\/radio-escola-joventut\/radio-4t-a\/","title":{"rendered":"R\u00e0dio 4t A"},"content":{"rendered":"<p>Continuem una setmana m\u00e9s amb la r\u00e0dio joventut. En aquest cas s\u00f3n els alumnes de 4t A els encarregats de gravar aquest podcast.<br \/>\nEl podeu escoltar clicant a la imatge inferior.<\/p>\n<p><a href=\"https:\/\/drive.google.com\/file\/d\/15stEvEsVOMI0hr1lK1KSXtrGR79qCW9B\/view?usp=drive_link\" target=\"_blank\" rel=\"noopener\"><img loading=\"lazy\" decoding=\"async\" class=\"alignnone wp-image-5365 size-full\" src=\"https:\/\/agora.xtec.cat\/ceipjoventutcallus\/wp-content\/uploads\/usu1947\/2024\/11\/logo_radio-e1730812514382.png\" alt=\"\" width=\"300\" height=\"300\" \/><\/a><\/p>\n","protected":false},"excerpt":{"rendered":"<p>Continuem una setmana m\u00e9s amb la r\u00e0dio joventut. En aquest cas s\u00f3n els alumnes de 4t A els encarregats de gravar aquest podcast.<br \/>\nEl podeu escoltar clicant a la imatge inferior.<br \/>\n<a href=\"https:\/\/drive.google.com\/file\/d\/15stEvEsVOMI0hr1lK1KSXtrGR79qCW9B\/view?usp=drive_link\" target=\"_blank\" rel=\"noopener\"><\/a><\/p>\n","protected":false},"author":6,"featured_media":5365,"comment_status":"closed","ping_status":"closed","sticky":false,"template":"","format":"standard","meta":{"_bbp_topic_count":0,"_bbp_reply_count":0,"_bbp_total_topic_count":0,"_bbp_total_reply_count":0,"_bbp_voice_count":0,"_bbp_anonymous_reply_count":0,"_bbp_topic_count_hidden":0,"_bbp_reply_count_hidden":0,"_bbp_forum_subforum_count":0,"footnotes":""},"categories":[139],"tags":[118],"class_list":["post-5479","post","type-post","status-publish","format-standard","has-post-thumbnail","hentry","category-radio-escola-joventut","tag-radio-escola"],"post_mailing_queue_ids":[],"_links":{"self":[{"href":"https:\/\/agora.xtec.cat\/ceipjoventutcallus\/wp-json\/wp\/v2\/posts\/5479","targetHints":{"allow":["GET"]}}],"collection":[{"href":"https:\/\/agora.xtec.cat\/ceipjoventutcallus\/wp-json\/wp\/v2\/posts"}],"about":[{"href":"https:\/\/agora.xtec.cat\/ceipjoventutcallus\/wp-json\/wp\/v2\/types\/post"}],"author":[{"embeddable":true,"href":"https:\/\/agora.xtec.cat\/ceipjoventutcallus\/wp-json\/wp\/v2\/users\/6"}],"replies":[{"embeddable":true,"href":"https:\/\/agora.xtec.cat\/ceipjoventutcallus\/wp-json\/wp\/v2\/comments?post=5479"}],"version-history":[{"count":2,"href":"https:\/\/agora.xtec.cat\/ceipjoventutcallus\/wp-json\/wp\/v2\/posts\/5479\/revisions"}],"predecessor-version":[{"id":5481,"href":"https:\/\/agora.xtec.cat\/ceipjoventutcallus\/wp-json\/wp\/v2\/posts\/5479\/revisions\/5481"}],"wp:featuredmedia":[{"embeddable":true,"href":"https:\/\/agora.xtec.cat\/ceipjoventutcallus\/wp-json\/wp\/v2\/media\/5365"}],"wp:attachment":[{"href":"https:\/\/agora.xtec.cat\/ceipjoventutcallus\/wp-json\/wp\/v2\/media?parent=5479"}],"wp:term":[{"taxonomy":"category","embeddable":true,"href":"https:\/\/agora.xtec.cat\/ceipjoventutcallus\/wp-json\/wp\/v2\/categories?post=5479"},{"taxonomy":"post_tag","embeddable":true,"href":"https:\/\/agora.xtec.cat\/ceipjoventutcallus\/wp-json\/wp\/v2\/tags?post=5479"}],"curies":[{"name":"wp","href":"https:\/\/api.w.org\/{rel}","templated":true}]}}