{"id":5403,"date":"2024-11-21T12:56:36","date_gmt":"2024-11-21T11:56:36","guid":{"rendered":"https:\/\/agora.xtec.cat\/ceipjoventutcallus\/?p=5403"},"modified":"2024-12-02T13:06:20","modified_gmt":"2024-12-02T12:06:20","slug":"visita-la-pedrera","status":"publish","type":"post","link":"https:\/\/agora.xtec.cat\/ceipjoventutcallus\/ci\/visita-la-pedrera\/","title":{"rendered":"VISITA LA PEDRERA"},"content":{"rendered":"<p>El dijous 21 de novembre els nens i nenes de cicle inicial vam anar a Barcelona a visitar la Pedrera i a continuaci\u00f3 vam dinar al Parc G\u00fcell. Va ser un dia molt especial ja que vam aprendre molt sobre Antoni Gaud\u00ed. Per veure les fotos cliqueu a la imatge inferior.<\/p>\n<p><a href=\"https:\/\/drive.google.com\/drive\/folders\/1QV1HcODvXBE_-DEExNTWvABJ9fEEqgRe?usp=sharing\" target=\"_blank\" rel=\"noopener\"><img loading=\"lazy\" decoding=\"async\" class=\"aligncenter wp-image-5404 size-full\" src=\"https:\/\/agora.xtec.cat\/ceipjoventutcallus\/wp-content\/uploads\/usu1947\/2024\/12\/pedrera.jpg\" alt=\"\" width=\"360\" height=\"140\" srcset=\"https:\/\/agora.xtec.cat\/ceipjoventutcallus\/wp-content\/uploads\/usu1947\/2024\/12\/pedrera.jpg 360w, https:\/\/agora.xtec.cat\/ceipjoventutcallus\/wp-content\/uploads\/usu1947\/2024\/12\/pedrera-300x117.jpg 300w\" sizes=\"auto, (max-width: 360px) 100vw, 360px\" \/><\/a><\/p>\n","protected":false},"excerpt":{"rendered":"<p>El dijous 21 de novembre els nens i nenes de cicle inicial vam anar a Barcelona a visitar la Pedrera i a continuaci\u00f3 vam dinar al Parc G\u00fcell. Va ser un dia molt especial ja que vam aprendre molt sobre Antoni Gaud\u00ed. Per veure les&hellip;  <a href=\"https:\/\/agora.xtec.cat\/ceipjoventutcallus\/ci\/visita-la-pedrera\/\" title=\"Read VISITA LA PEDRERA\">Llegeix m\u00e9s\u00bb<\/a><\/p>\n","protected":false},"author":11,"featured_media":5404,"comment_status":"closed","ping_status":"closed","sticky":false,"template":"","format":"standard","meta":{"_bbp_topic_count":0,"_bbp_reply_count":0,"_bbp_total_topic_count":0,"_bbp_total_reply_count":0,"_bbp_voice_count":0,"_bbp_anonymous_reply_count":0,"_bbp_topic_count_hidden":0,"_bbp_reply_count_hidden":0,"_bbp_forum_subforum_count":0,"footnotes":""},"categories":[61],"tags":[16],"class_list":["post-5403","post","type-post","status-publish","format-standard","has-post-thumbnail","hentry","category-ci","tag-sortides"],"post_mailing_queue_ids":[],"_links":{"self":[{"href":"https:\/\/agora.xtec.cat\/ceipjoventutcallus\/wp-json\/wp\/v2\/posts\/5403","targetHints":{"allow":["GET"]}}],"collection":[{"href":"https:\/\/agora.xtec.cat\/ceipjoventutcallus\/wp-json\/wp\/v2\/posts"}],"about":[{"href":"https:\/\/agora.xtec.cat\/ceipjoventutcallus\/wp-json\/wp\/v2\/types\/post"}],"author":[{"embeddable":true,"href":"https:\/\/agora.xtec.cat\/ceipjoventutcallus\/wp-json\/wp\/v2\/users\/11"}],"replies":[{"embeddable":true,"href":"https:\/\/agora.xtec.cat\/ceipjoventutcallus\/wp-json\/wp\/v2\/comments?post=5403"}],"version-history":[{"count":1,"href":"https:\/\/agora.xtec.cat\/ceipjoventutcallus\/wp-json\/wp\/v2\/posts\/5403\/revisions"}],"predecessor-version":[{"id":5405,"href":"https:\/\/agora.xtec.cat\/ceipjoventutcallus\/wp-json\/wp\/v2\/posts\/5403\/revisions\/5405"}],"wp:featuredmedia":[{"embeddable":true,"href":"https:\/\/agora.xtec.cat\/ceipjoventutcallus\/wp-json\/wp\/v2\/media\/5404"}],"wp:attachment":[{"href":"https:\/\/agora.xtec.cat\/ceipjoventutcallus\/wp-json\/wp\/v2\/media?parent=5403"}],"wp:term":[{"taxonomy":"category","embeddable":true,"href":"https:\/\/agora.xtec.cat\/ceipjoventutcallus\/wp-json\/wp\/v2\/categories?post=5403"},{"taxonomy":"post_tag","embeddable":true,"href":"https:\/\/agora.xtec.cat\/ceipjoventutcallus\/wp-json\/wp\/v2\/tags?post=5403"}],"curies":[{"name":"wp","href":"https:\/\/api.w.org\/{rel}","templated":true}]}}