{"id":5371,"date":"2024-11-11T10:42:23","date_gmt":"2024-11-11T09:42:23","guid":{"rendered":"https:\/\/agora.xtec.cat\/ceipjoventutcallus\/?p=5371"},"modified":"2025-02-21T23:25:57","modified_gmt":"2025-02-21T22:25:57","slug":"mnactecbus","status":"publish","type":"post","link":"https:\/\/agora.xtec.cat\/ceipjoventutcallus\/general\/mnactecbus\/","title":{"rendered":"MNACTECBUS"},"content":{"rendered":"<p><strong>El Museu Nacional de la Ci\u00e8ncia i la T\u00e8cnica de Catalunya MNACTEC<\/strong> BUS ha arribat a Call\u00fas, l&#8217;ajuntament ens ha posat en contacte amb ells i l&#8217;escola ho hem ben aprofitat!<\/p>\n<p><a href=\"https:\/\/drive.google.com\/drive\/folders\/1C7sKqgKqnHGwefbJEDZOPMHkprTkfzT7?usp=sharing\" target=\"_blank\" rel=\"noopener\">FOTOS.<\/a><\/p>\n<p><a href=\"https:\/\/drive.google.com\/drive\/folders\/1C7sKqgKqnHGwefbJEDZOPMHkprTkfzT7?usp=drive_link\" target=\"_blank\" rel=\"noopener\"><img loading=\"lazy\" decoding=\"async\" class=\"aligncenter size-full wp-image-5372\" src=\"https:\/\/agora.xtec.cat\/ceipjoventutcallus\/wp-content\/uploads\/usu1947\/2024\/11\/IMG_8930-1-scaled.jpg\" alt=\"\" width=\"2560\" height=\"1920\" srcset=\"https:\/\/agora.xtec.cat\/ceipjoventutcallus\/wp-content\/uploads\/usu1947\/2024\/11\/IMG_8930-1-scaled.jpg 2560w, https:\/\/agora.xtec.cat\/ceipjoventutcallus\/wp-content\/uploads\/usu1947\/2024\/11\/IMG_8930-1-300x225.jpg 300w, https:\/\/agora.xtec.cat\/ceipjoventutcallus\/wp-content\/uploads\/usu1947\/2024\/11\/IMG_8930-1-1024x768.jpg 1024w, https:\/\/agora.xtec.cat\/ceipjoventutcallus\/wp-content\/uploads\/usu1947\/2024\/11\/IMG_8930-1-768x576.jpg 768w, https:\/\/agora.xtec.cat\/ceipjoventutcallus\/wp-content\/uploads\/usu1947\/2024\/11\/IMG_8930-1-1536x1152.jpg 1536w, https:\/\/agora.xtec.cat\/ceipjoventutcallus\/wp-content\/uploads\/usu1947\/2024\/11\/IMG_8930-1-2048x1536.jpg 2048w, https:\/\/agora.xtec.cat\/ceipjoventutcallus\/wp-content\/uploads\/usu1947\/2024\/11\/IMG_8930-1-200x150.jpg 200w\" sizes=\"auto, (max-width: 2560px) 100vw, 2560px\" \/><\/a><\/p>\n","protected":false},"excerpt":{"rendered":"<p>El Museu Nacional de la Ci\u00e8ncia i la T\u00e8cnica de Catalunya MNACTEC BUS ha arribat a Call\u00fas, l&#8217;ajuntament ens ha posat en contacte amb ells i l&#8217;escola ho hem ben aprofitat!<br \/>\n<a href=\"https:\/\/drive.google.com\/drive\/folders\/1C7sKqgKqnHGwefbJEDZOPMHkprTkfzT7?usp=sharing\" target=\"_blank\" rel=\"noopener\">FOTOS.<\/a><br \/>\n<a href=\"https:\/\/drive.google.com\/drive\/folders\/1C7sKqgKqnHGwefbJEDZOPMHkprTkfzT7?usp=drive_link\" target=\"_blank\" rel=\"noopener\"><\/a><\/p>\n","protected":false},"author":1,"featured_media":0,"comment_status":"closed","ping_status":"closed","sticky":false,"template":"","format":"standard","meta":{"_bbp_topic_count":0,"_bbp_reply_count":0,"_bbp_total_topic_count":0,"_bbp_total_reply_count":0,"_bbp_voice_count":0,"_bbp_anonymous_reply_count":0,"_bbp_topic_count_hidden":0,"_bbp_reply_count_hidden":0,"_bbp_forum_subforum_count":0,"footnotes":""},"categories":[62,1,4],"tags":[],"class_list":["post-5371","post","type-post","status-publish","format-standard","hentry","category-cm","category-general","category-portada"],"post_mailing_queue_ids":[],"_links":{"self":[{"href":"https:\/\/agora.xtec.cat\/ceipjoventutcallus\/wp-json\/wp\/v2\/posts\/5371","targetHints":{"allow":["GET"]}}],"collection":[{"href":"https:\/\/agora.xtec.cat\/ceipjoventutcallus\/wp-json\/wp\/v2\/posts"}],"about":[{"href":"https:\/\/agora.xtec.cat\/ceipjoventutcallus\/wp-json\/wp\/v2\/types\/post"}],"author":[{"embeddable":true,"href":"https:\/\/agora.xtec.cat\/ceipjoventutcallus\/wp-json\/wp\/v2\/users\/1"}],"replies":[{"embeddable":true,"href":"https:\/\/agora.xtec.cat\/ceipjoventutcallus\/wp-json\/wp\/v2\/comments?post=5371"}],"version-history":[{"count":1,"href":"https:\/\/agora.xtec.cat\/ceipjoventutcallus\/wp-json\/wp\/v2\/posts\/5371\/revisions"}],"predecessor-version":[{"id":5373,"href":"https:\/\/agora.xtec.cat\/ceipjoventutcallus\/wp-json\/wp\/v2\/posts\/5371\/revisions\/5373"}],"wp:attachment":[{"href":"https:\/\/agora.xtec.cat\/ceipjoventutcallus\/wp-json\/wp\/v2\/media?parent=5371"}],"wp:term":[{"taxonomy":"category","embeddable":true,"href":"https:\/\/agora.xtec.cat\/ceipjoventutcallus\/wp-json\/wp\/v2\/categories?post=5371"},{"taxonomy":"post_tag","embeddable":true,"href":"https:\/\/agora.xtec.cat\/ceipjoventutcallus\/wp-json\/wp\/v2\/tags?post=5371"}],"curies":[{"name":"wp","href":"https:\/\/api.w.org\/{rel}","templated":true}]}}