{"id":5368,"date":"2024-11-06T14:01:05","date_gmt":"2024-11-06T13:01:05","guid":{"rendered":"https:\/\/agora.xtec.cat\/ceipjoventutcallus\/?p=5368"},"modified":"2024-11-06T14:04:00","modified_gmt":"2024-11-06T13:04:00","slug":"i4-i-i5-sortida-al-teatre-conservatori-de-manresa","status":"publish","type":"post","link":"https:\/\/agora.xtec.cat\/ceipjoventutcallus\/infantil\/i4-i-i5-sortida-al-teatre-conservatori-de-manresa\/","title":{"rendered":"I4 i I5. Sortida al Teatre Conservatori de Manresa"},"content":{"rendered":"<p>Avui al mat\u00ed, els infants d&#8217;I4 i I5 hem gaudit de l&#8217;obra de teatre &#8220;Les aventures del Lle\u00f3 Vergony\u00f3s&#8221; al Teatre Conservatori de Manresa.<\/p>\n<p>Ens ha agradat molt l&#8217;espectacle, i hem acabat cantant i ballant!!!<\/p>\n<p><a href=\"https:\/\/drive.google.com\/drive\/folders\/124b4XkJnlCbM-qyx4AxZ_9Jq5SRZbq-n?usp=sharing\"><img loading=\"lazy\" decoding=\"async\" class=\"alignnone wp-image-5369 size-medium\" src=\"https:\/\/agora.xtec.cat\/ceipjoventutcallus\/wp-content\/uploads\/usu1947\/2024\/11\/teatre-300x242.png\" alt=\"\" width=\"300\" height=\"242\" srcset=\"https:\/\/agora.xtec.cat\/ceipjoventutcallus\/wp-content\/uploads\/usu1947\/2024\/11\/teatre-300x242.png 300w, https:\/\/agora.xtec.cat\/ceipjoventutcallus\/wp-content\/uploads\/usu1947\/2024\/11\/teatre-768x620.png 768w, https:\/\/agora.xtec.cat\/ceipjoventutcallus\/wp-content\/uploads\/usu1947\/2024\/11\/teatre.png 811w\" sizes=\"auto, (max-width: 300px) 100vw, 300px\" \/><\/a><\/p>\n<p><a href=\"https:\/\/drive.google.com\/file\/d\/1sqZFhYbp7a0Ie26FFl5cb3Lu0iq1wOK-\/view?usp=sharing\">Programa de m\u00e0 de l&#8217;obra de teatre.\u00a0<\/a><\/p>\n","protected":false},"excerpt":{"rendered":"<p>Avui al mat\u00ed, els infants d&#8217;I4 i I5 hem gaudit de l&#8217;obra de teatre &#8220;Les aventures del Lle\u00f3 Vergony\u00f3s&#8221; al Teatre Conservatori de Manresa.<br \/>\nEns ha agradat molt l&#8217;espectacle, i hem acabat cantant i ballant!!!<br \/>\n<a href=\"https:\/\/drive.google.com\/drive\/folders\/124b4XkJnlCbM-qyx4AxZ_9Jq5SRZbq-n?usp=sharing\"><\/a><br \/>\n<a href=\"https:\/\/drive.google.com\/file\/d\/1sqZFhYbp7a0Ie26FFl5cb3Lu0iq1wOK-\/view?usp=sharing\">Programa de m\u00e0 de l&#8217;obra de teatre.\u00a0<\/a><\/p>\n","protected":false},"author":10,"featured_media":0,"comment_status":"closed","ping_status":"closed","sticky":false,"template":"","format":"standard","meta":{"_bbp_topic_count":0,"_bbp_reply_count":0,"_bbp_total_topic_count":0,"_bbp_total_reply_count":0,"_bbp_voice_count":0,"_bbp_anonymous_reply_count":0,"_bbp_topic_count_hidden":0,"_bbp_reply_count_hidden":0,"_bbp_forum_subforum_count":0,"footnotes":""},"categories":[2],"tags":[122,124,140],"class_list":["post-5368","post","type-post","status-publish","format-standard","hentry","category-infantil","tag-i4","tag-i5","tag-teatre"],"post_mailing_queue_ids":[],"_links":{"self":[{"href":"https:\/\/agora.xtec.cat\/ceipjoventutcallus\/wp-json\/wp\/v2\/posts\/5368","targetHints":{"allow":["GET"]}}],"collection":[{"href":"https:\/\/agora.xtec.cat\/ceipjoventutcallus\/wp-json\/wp\/v2\/posts"}],"about":[{"href":"https:\/\/agora.xtec.cat\/ceipjoventutcallus\/wp-json\/wp\/v2\/types\/post"}],"author":[{"embeddable":true,"href":"https:\/\/agora.xtec.cat\/ceipjoventutcallus\/wp-json\/wp\/v2\/users\/10"}],"replies":[{"embeddable":true,"href":"https:\/\/agora.xtec.cat\/ceipjoventutcallus\/wp-json\/wp\/v2\/comments?post=5368"}],"version-history":[{"count":1,"href":"https:\/\/agora.xtec.cat\/ceipjoventutcallus\/wp-json\/wp\/v2\/posts\/5368\/revisions"}],"predecessor-version":[{"id":5370,"href":"https:\/\/agora.xtec.cat\/ceipjoventutcallus\/wp-json\/wp\/v2\/posts\/5368\/revisions\/5370"}],"wp:attachment":[{"href":"https:\/\/agora.xtec.cat\/ceipjoventutcallus\/wp-json\/wp\/v2\/media?parent=5368"}],"wp:term":[{"taxonomy":"category","embeddable":true,"href":"https:\/\/agora.xtec.cat\/ceipjoventutcallus\/wp-json\/wp\/v2\/categories?post=5368"},{"taxonomy":"post_tag","embeddable":true,"href":"https:\/\/agora.xtec.cat\/ceipjoventutcallus\/wp-json\/wp\/v2\/tags?post=5368"}],"curies":[{"name":"wp","href":"https:\/\/api.w.org\/{rel}","templated":true}]}}