{"id":5353,"date":"2024-11-04T10:37:29","date_gmt":"2024-11-04T09:37:29","guid":{"rendered":"https:\/\/agora.xtec.cat\/ceipjoventutcallus\/?p=5353"},"modified":"2024-11-12T10:34:12","modified_gmt":"2024-11-12T09:34:12","slug":"castanyada-2024","status":"publish","type":"post","link":"https:\/\/agora.xtec.cat\/ceipjoventutcallus\/general\/castanyada-2024\/","title":{"rendered":"CASTANYADA 2024"},"content":{"rendered":"<p>El dijous 31 d&#8217;octubre, l&#8217;escola Joventut va celebrar la castanyada. Va ser una festa ben animada i llu\u00efda. Moltes gr\u00e0cies AFA i fam\u00edlies volunt\u00e0ries. <a href=\"https:\/\/drive.google.com\/file\/d\/1ARABMLnoVf1hnF9BT4yluM8ZsxDWVaYu\/view?usp=sharing\" target=\"_blank\" rel=\"noopener\">FOTOS.<\/a><\/p>\n<p><a href=\"https:\/\/drive.google.com\/drive\/folders\/1OGSm2sUjW_F2AH9LaYF_2vY9VIxnvz5i?usp=sharing\" target=\"_blank\" rel=\"noopener\"><img loading=\"lazy\" decoding=\"async\" class=\"aligncenter size-full wp-image-5354\" src=\"https:\/\/agora.xtec.cat\/ceipjoventutcallus\/wp-content\/uploads\/usu1947\/2024\/11\/IMG_8872-scaled.jpg\" alt=\"\" width=\"2560\" height=\"1586\" srcset=\"https:\/\/agora.xtec.cat\/ceipjoventutcallus\/wp-content\/uploads\/usu1947\/2024\/11\/IMG_8872-scaled.jpg 2560w, https:\/\/agora.xtec.cat\/ceipjoventutcallus\/wp-content\/uploads\/usu1947\/2024\/11\/IMG_8872-300x186.jpg 300w, https:\/\/agora.xtec.cat\/ceipjoventutcallus\/wp-content\/uploads\/usu1947\/2024\/11\/IMG_8872-1024x634.jpg 1024w, https:\/\/agora.xtec.cat\/ceipjoventutcallus\/wp-content\/uploads\/usu1947\/2024\/11\/IMG_8872-768x476.jpg 768w, https:\/\/agora.xtec.cat\/ceipjoventutcallus\/wp-content\/uploads\/usu1947\/2024\/11\/IMG_8872-1536x951.jpg 1536w, https:\/\/agora.xtec.cat\/ceipjoventutcallus\/wp-content\/uploads\/usu1947\/2024\/11\/IMG_8872-2048x1269.jpg 2048w\" sizes=\"auto, (max-width: 2560px) 100vw, 2560px\" \/><\/a><\/p>\n","protected":false},"excerpt":{"rendered":"<p>El dijous 31 d&#8217;octubre, l&#8217;escola Joventut va celebrar la castanyada. Va ser una festa ben animada i llu\u00efda. Moltes gr\u00e0cies AFA i fam\u00edlies volunt\u00e0ries. <a href=\"https:\/\/drive.google.com\/file\/d\/1ARABMLnoVf1hnF9BT4yluM8ZsxDWVaYu\/view?usp=sharing\" target=\"_blank\" rel=\"noopener\">FOTOS.<\/a><br \/>\n<a href=\"https:\/\/drive.google.com\/drive\/folders\/1OGSm2sUjW_F2AH9LaYF_2vY9VIxnvz5i?usp=sharing\" target=\"_blank\" rel=\"noopener\"><\/a><\/p>\n","protected":false},"author":1,"featured_media":0,"comment_status":"closed","ping_status":"closed","sticky":false,"template":"","format":"standard","meta":{"_bbp_topic_count":0,"_bbp_reply_count":0,"_bbp_total_topic_count":0,"_bbp_total_reply_count":0,"_bbp_voice_count":0,"_bbp_anonymous_reply_count":0,"_bbp_topic_count_hidden":0,"_bbp_reply_count_hidden":0,"_bbp_forum_subforum_count":0,"footnotes":""},"categories":[1,4],"tags":[],"class_list":["post-5353","post","type-post","status-publish","format-standard","hentry","category-general","category-portada"],"post_mailing_queue_ids":[],"_links":{"self":[{"href":"https:\/\/agora.xtec.cat\/ceipjoventutcallus\/wp-json\/wp\/v2\/posts\/5353","targetHints":{"allow":["GET"]}}],"collection":[{"href":"https:\/\/agora.xtec.cat\/ceipjoventutcallus\/wp-json\/wp\/v2\/posts"}],"about":[{"href":"https:\/\/agora.xtec.cat\/ceipjoventutcallus\/wp-json\/wp\/v2\/types\/post"}],"author":[{"embeddable":true,"href":"https:\/\/agora.xtec.cat\/ceipjoventutcallus\/wp-json\/wp\/v2\/users\/1"}],"replies":[{"embeddable":true,"href":"https:\/\/agora.xtec.cat\/ceipjoventutcallus\/wp-json\/wp\/v2\/comments?post=5353"}],"version-history":[{"count":3,"href":"https:\/\/agora.xtec.cat\/ceipjoventutcallus\/wp-json\/wp\/v2\/posts\/5353\/revisions"}],"predecessor-version":[{"id":5389,"href":"https:\/\/agora.xtec.cat\/ceipjoventutcallus\/wp-json\/wp\/v2\/posts\/5353\/revisions\/5389"}],"wp:attachment":[{"href":"https:\/\/agora.xtec.cat\/ceipjoventutcallus\/wp-json\/wp\/v2\/media?parent=5353"}],"wp:term":[{"taxonomy":"category","embeddable":true,"href":"https:\/\/agora.xtec.cat\/ceipjoventutcallus\/wp-json\/wp\/v2\/categories?post=5353"},{"taxonomy":"post_tag","embeddable":true,"href":"https:\/\/agora.xtec.cat\/ceipjoventutcallus\/wp-json\/wp\/v2\/tags?post=5353"}],"curies":[{"name":"wp","href":"https:\/\/api.w.org\/{rel}","templated":true}]}}