{"id":5344,"date":"2024-10-28T13:24:53","date_gmt":"2024-10-28T12:24:53","guid":{"rendered":"https:\/\/agora.xtec.cat\/ceipjoventutcallus\/?p=5344"},"modified":"2024-10-28T22:41:22","modified_gmt":"2024-10-28T21:41:22","slug":"colonies-a-cal-candi-3","status":"publish","type":"post","link":"https:\/\/agora.xtec.cat\/ceipjoventutcallus\/cs\/colonies-a-cal-candi-3\/","title":{"rendered":"COL\u00d2NIES A CAL CANDI"},"content":{"rendered":"<p>Els dies 23, 24 i 25 d&#8217;octubre l&#8217;alumnat de cicle superior vam estar de col\u00f2nies a Cal Candi (Vilada). El temps ens va acompanyar i vam poder fer totes les activitats previstes: tir amb arc, circuit d&#8217;arbres, roc\u00f2drom, taller de bolets i de f\u00f2ssils, circuit d&#8217;orientaci\u00f3 pel poble, joc de nit i&#8230; DISCOTECA!<\/p>\n<p>Per poder veure les fotos cliqueu en aquest <a href=\"https:\/\/drive.google.com\/drive\/folders\/1--E2Lh2KGLrJpf317-SUhH9-TnVcEeBu?usp=sharing\">enlla\u00e7<\/a>.<\/p>\n<p>&nbsp;<\/p>\n","protected":false},"excerpt":{"rendered":"<p>Els dies 23, 24 i 25 d&#8217;octubre l&#8217;alumnat de cicle superior vam estar de col\u00f2nies a Cal Candi (Vilada). El temps ens va acompanyar i vam poder fer totes les activitats previstes: tir amb arc, circuit d&#8217;arbres, roc\u00f2drom, taller de bolets i de f\u00f2ssils, circuit&hellip;  <a href=\"https:\/\/agora.xtec.cat\/ceipjoventutcallus\/cs\/colonies-a-cal-candi-3\/\" title=\"Read COL\u00d2NIES A CAL CANDI\">Llegeix m\u00e9s\u00bb<\/a><\/p>\n","protected":false},"author":9,"featured_media":5348,"comment_status":"closed","ping_status":"closed","sticky":false,"template":"","format":"standard","meta":{"_bbp_topic_count":0,"_bbp_reply_count":0,"_bbp_total_topic_count":0,"_bbp_total_reply_count":0,"_bbp_voice_count":0,"_bbp_anonymous_reply_count":0,"_bbp_topic_count_hidden":0,"_bbp_reply_count_hidden":0,"_bbp_forum_subforum_count":0,"footnotes":""},"categories":[63],"tags":[],"class_list":["post-5344","post","type-post","status-publish","format-standard","has-post-thumbnail","hentry","category-cs"],"post_mailing_queue_ids":[],"_links":{"self":[{"href":"https:\/\/agora.xtec.cat\/ceipjoventutcallus\/wp-json\/wp\/v2\/posts\/5344","targetHints":{"allow":["GET"]}}],"collection":[{"href":"https:\/\/agora.xtec.cat\/ceipjoventutcallus\/wp-json\/wp\/v2\/posts"}],"about":[{"href":"https:\/\/agora.xtec.cat\/ceipjoventutcallus\/wp-json\/wp\/v2\/types\/post"}],"author":[{"embeddable":true,"href":"https:\/\/agora.xtec.cat\/ceipjoventutcallus\/wp-json\/wp\/v2\/users\/9"}],"replies":[{"embeddable":true,"href":"https:\/\/agora.xtec.cat\/ceipjoventutcallus\/wp-json\/wp\/v2\/comments?post=5344"}],"version-history":[{"count":1,"href":"https:\/\/agora.xtec.cat\/ceipjoventutcallus\/wp-json\/wp\/v2\/posts\/5344\/revisions"}],"predecessor-version":[{"id":5346,"href":"https:\/\/agora.xtec.cat\/ceipjoventutcallus\/wp-json\/wp\/v2\/posts\/5344\/revisions\/5346"}],"wp:featuredmedia":[{"embeddable":true,"href":"https:\/\/agora.xtec.cat\/ceipjoventutcallus\/wp-json\/wp\/v2\/media\/5348"}],"wp:attachment":[{"href":"https:\/\/agora.xtec.cat\/ceipjoventutcallus\/wp-json\/wp\/v2\/media?parent=5344"}],"wp:term":[{"taxonomy":"category","embeddable":true,"href":"https:\/\/agora.xtec.cat\/ceipjoventutcallus\/wp-json\/wp\/v2\/categories?post=5344"},{"taxonomy":"post_tag","embeddable":true,"href":"https:\/\/agora.xtec.cat\/ceipjoventutcallus\/wp-json\/wp\/v2\/tags?post=5344"}],"curies":[{"name":"wp","href":"https:\/\/api.w.org\/{rel}","templated":true}]}}