{"id":5212,"date":"2024-06-07T11:09:35","date_gmt":"2024-06-07T09:09:35","guid":{"rendered":"https:\/\/agora.xtec.cat\/ceipjoventutcallus\/?p=5212"},"modified":"2024-06-07T11:09:35","modified_gmt":"2024-06-07T09:09:35","slug":"i3-i-3r-llegim","status":"publish","type":"post","link":"https:\/\/agora.xtec.cat\/ceipjoventutcallus\/infantil\/i3-i-3r-llegim\/","title":{"rendered":"I3 i 3r llegim"},"content":{"rendered":"<p>Els nens i nenes d&#8217;I3, 3r A i 3r B vam aprofitar les \u00faltimes dues tardes dels divendres per llegir plegats. Va ser una experi\u00e8ncia molt engrescadora, tant pels grans com pels m\u00e9s petits.<\/p>\n<p>Podeu veure un recull de fotos <a href=\"https:\/\/drive.google.com\/drive\/folders\/1jraOq53VY9VglBjkg3gxWUTwgfq5eL02?usp=sharing\" target=\"_blank\" rel=\"noopener\">fent clic aqu\u00ed<\/a>.<\/p>\n","protected":false},"excerpt":{"rendered":"<p>Els nens i nenes d&#8217;I3, 3r A i 3r B vam aprofitar les \u00faltimes dues tardes dels divendres per llegir plegats. Va ser una experi\u00e8ncia molt engrescadora, tant pels grans com pels m\u00e9s petits.<br \/>\nPodeu veure un recull de fotos <a href=\"https:\/\/drive.google.com\/drive\/folders\/1jraOq53VY9VglBjkg3gxWUTwgfq5eL02?usp=sharing\" target=\"_blank\" rel=\"noopener\">fent clic aqu\u00ed<\/a>.<\/p>\n","protected":false},"author":12,"featured_media":5217,"comment_status":"closed","ping_status":"closed","sticky":false,"template":"","format":"standard","meta":{"_bbp_topic_count":0,"_bbp_reply_count":0,"_bbp_total_topic_count":0,"_bbp_total_reply_count":0,"_bbp_voice_count":0,"_bbp_anonymous_reply_count":0,"_bbp_topic_count_hidden":0,"_bbp_reply_count_hidden":0,"_bbp_forum_subforum_count":0,"footnotes":""},"categories":[62,2],"tags":[132],"class_list":["post-5212","post","type-post","status-publish","format-standard","has-post-thumbnail","hentry","category-cm","category-infantil","tag-lectura"],"post_mailing_queue_ids":[],"_links":{"self":[{"href":"https:\/\/agora.xtec.cat\/ceipjoventutcallus\/wp-json\/wp\/v2\/posts\/5212","targetHints":{"allow":["GET"]}}],"collection":[{"href":"https:\/\/agora.xtec.cat\/ceipjoventutcallus\/wp-json\/wp\/v2\/posts"}],"about":[{"href":"https:\/\/agora.xtec.cat\/ceipjoventutcallus\/wp-json\/wp\/v2\/types\/post"}],"author":[{"embeddable":true,"href":"https:\/\/agora.xtec.cat\/ceipjoventutcallus\/wp-json\/wp\/v2\/users\/12"}],"replies":[{"embeddable":true,"href":"https:\/\/agora.xtec.cat\/ceipjoventutcallus\/wp-json\/wp\/v2\/comments?post=5212"}],"version-history":[{"count":4,"href":"https:\/\/agora.xtec.cat\/ceipjoventutcallus\/wp-json\/wp\/v2\/posts\/5212\/revisions"}],"predecessor-version":[{"id":5216,"href":"https:\/\/agora.xtec.cat\/ceipjoventutcallus\/wp-json\/wp\/v2\/posts\/5212\/revisions\/5216"}],"wp:featuredmedia":[{"embeddable":true,"href":"https:\/\/agora.xtec.cat\/ceipjoventutcallus\/wp-json\/wp\/v2\/media\/5217"}],"wp:attachment":[{"href":"https:\/\/agora.xtec.cat\/ceipjoventutcallus\/wp-json\/wp\/v2\/media?parent=5212"}],"wp:term":[{"taxonomy":"category","embeddable":true,"href":"https:\/\/agora.xtec.cat\/ceipjoventutcallus\/wp-json\/wp\/v2\/categories?post=5212"},{"taxonomy":"post_tag","embeddable":true,"href":"https:\/\/agora.xtec.cat\/ceipjoventutcallus\/wp-json\/wp\/v2\/tags?post=5212"}],"curies":[{"name":"wp","href":"https:\/\/api.w.org\/{rel}","templated":true}]}}