{"id":5157,"date":"2024-04-18T10:38:24","date_gmt":"2024-04-18T08:38:24","guid":{"rendered":"https:\/\/agora.xtec.cat\/ceipjoventutcallus\/?p=5157"},"modified":"2024-04-18T10:38:24","modified_gmt":"2024-04-18T08:38:24","slug":"setmana-de-la-salut-5","status":"publish","type":"post","link":"https:\/\/agora.xtec.cat\/ceipjoventutcallus\/general\/setmana-de-la-salut-5\/","title":{"rendered":"Setmana de la salut"},"content":{"rendered":"<p>Durant la setmana del 18 al 22 de mar\u00e7 hem celebrat la &#8220;Setmana de la Salut&#8221;. Hem organitzat diferents activitats relacionades amb els h\u00e0bits saludables, coneixement del cos, educaci\u00f3 emocional, hem fet la matinal multiesportiva i com a cloenda hem fet una caminada conjunta. Al llarg de la setmana\u00a0 hem realitzat diferents tallers i xerrades amb la col\u00b7laboraci\u00f3 de les fam\u00edlies.<\/p>\n<p>Per veure les fotos cliqueu la imatge.<\/p>\n<p><a href=\"https:\/\/drive.google.com\/drive\/folders\/1BbbO5XcRL7LrQ5ydbQ0-DdZDg_ss2X_e?usp=sharing\"><img loading=\"lazy\" decoding=\"async\" class=\"wp-image-5158 alignleft\" src=\"https:\/\/agora.xtec.cat\/ceipjoventutcallus\/wp-content\/uploads\/usu1947\/2024\/04\/IMG-20240321-WA0027.jpg\" alt=\"\" width=\"389\" height=\"292\" srcset=\"https:\/\/agora.xtec.cat\/ceipjoventutcallus\/wp-content\/uploads\/usu1947\/2024\/04\/IMG-20240321-WA0027.jpg 1600w, https:\/\/agora.xtec.cat\/ceipjoventutcallus\/wp-content\/uploads\/usu1947\/2024\/04\/IMG-20240321-WA0027-300x225.jpg 300w, https:\/\/agora.xtec.cat\/ceipjoventutcallus\/wp-content\/uploads\/usu1947\/2024\/04\/IMG-20240321-WA0027-1024x768.jpg 1024w, https:\/\/agora.xtec.cat\/ceipjoventutcallus\/wp-content\/uploads\/usu1947\/2024\/04\/IMG-20240321-WA0027-768x576.jpg 768w, https:\/\/agora.xtec.cat\/ceipjoventutcallus\/wp-content\/uploads\/usu1947\/2024\/04\/IMG-20240321-WA0027-1536x1152.jpg 1536w, https:\/\/agora.xtec.cat\/ceipjoventutcallus\/wp-content\/uploads\/usu1947\/2024\/04\/IMG-20240321-WA0027-200x150.jpg 200w\" sizes=\"auto, (max-width: 389px) 100vw, 389px\" \/><\/a><\/p>\n","protected":false},"excerpt":{"rendered":"<p>Durant la setmana del 18 al 22 de mar\u00e7 hem celebrat la &#8220;Setmana de la Salut&#8221;. Hem organitzat diferents activitats relacionades amb els h\u00e0bits saludables, coneixement del cos, educaci\u00f3 emocional, hem fet la matinal multiesportiva i com a cloenda hem fet una caminada conjunta. Al&hellip;  <a href=\"https:\/\/agora.xtec.cat\/ceipjoventutcallus\/general\/setmana-de-la-salut-5\/\" title=\"Read Setmana de la salut\">Llegeix m\u00e9s\u00bb<\/a><\/p>\n","protected":false},"author":1,"featured_media":0,"comment_status":"closed","ping_status":"closed","sticky":false,"template":"","format":"standard","meta":{"_bbp_topic_count":0,"_bbp_reply_count":0,"_bbp_total_topic_count":0,"_bbp_total_reply_count":0,"_bbp_voice_count":0,"_bbp_anonymous_reply_count":0,"_bbp_topic_count_hidden":0,"_bbp_reply_count_hidden":0,"_bbp_forum_subforum_count":0,"footnotes":""},"categories":[1,4],"tags":[],"class_list":["post-5157","post","type-post","status-publish","format-standard","hentry","category-general","category-portada"],"post_mailing_queue_ids":[],"_links":{"self":[{"href":"https:\/\/agora.xtec.cat\/ceipjoventutcallus\/wp-json\/wp\/v2\/posts\/5157","targetHints":{"allow":["GET"]}}],"collection":[{"href":"https:\/\/agora.xtec.cat\/ceipjoventutcallus\/wp-json\/wp\/v2\/posts"}],"about":[{"href":"https:\/\/agora.xtec.cat\/ceipjoventutcallus\/wp-json\/wp\/v2\/types\/post"}],"author":[{"embeddable":true,"href":"https:\/\/agora.xtec.cat\/ceipjoventutcallus\/wp-json\/wp\/v2\/users\/1"}],"replies":[{"embeddable":true,"href":"https:\/\/agora.xtec.cat\/ceipjoventutcallus\/wp-json\/wp\/v2\/comments?post=5157"}],"version-history":[{"count":1,"href":"https:\/\/agora.xtec.cat\/ceipjoventutcallus\/wp-json\/wp\/v2\/posts\/5157\/revisions"}],"predecessor-version":[{"id":5159,"href":"https:\/\/agora.xtec.cat\/ceipjoventutcallus\/wp-json\/wp\/v2\/posts\/5157\/revisions\/5159"}],"wp:attachment":[{"href":"https:\/\/agora.xtec.cat\/ceipjoventutcallus\/wp-json\/wp\/v2\/media?parent=5157"}],"wp:term":[{"taxonomy":"category","embeddable":true,"href":"https:\/\/agora.xtec.cat\/ceipjoventutcallus\/wp-json\/wp\/v2\/categories?post=5157"},{"taxonomy":"post_tag","embeddable":true,"href":"https:\/\/agora.xtec.cat\/ceipjoventutcallus\/wp-json\/wp\/v2\/tags?post=5157"}],"curies":[{"name":"wp","href":"https:\/\/api.w.org\/{rel}","templated":true}]}}