{"id":5045,"date":"2024-01-08T09:35:08","date_gmt":"2024-01-08T08:35:08","guid":{"rendered":"https:\/\/agora.xtec.cat\/ceipjoventutcallus\/?p=5045"},"modified":"2024-01-08T09:35:08","modified_gmt":"2024-01-08T08:35:08","slug":"festa-nadal","status":"publish","type":"post","link":"https:\/\/agora.xtec.cat\/ceipjoventutcallus\/infantil\/festa-nadal\/","title":{"rendered":"Festa nadal"},"content":{"rendered":"<p>L&#8217;\u00faltim dia del primer trimestre hem fet cagar el Ti\u00f3. Ens ha portat neules i torrons que hem compartit tots junts. Despr\u00e9s d&#8217;esmorzar coca i xocolata ens hem trobat amb tots els nens i nenes de l&#8217;escola per cantar les nadales i desitjar-nos bones festes.<\/p>\n<p>Per veure les fotos cliqueu la imatge.<\/p>\n<p><a href=\"https:\/\/drive.google.com\/drive\/folders\/1GHOLb9dmx0emZJn2g70DhGLc36gPgaBa?usp=sharing\"><img loading=\"lazy\" decoding=\"async\" class=\"wp-image-5051 alignleft\" src=\"https:\/\/agora.xtec.cat\/ceipjoventutcallus\/wp-content\/uploads\/usu1947\/2023\/12\/Cicle-superior.jpg\" alt=\"\" width=\"206\" height=\"206\" srcset=\"https:\/\/agora.xtec.cat\/ceipjoventutcallus\/wp-content\/uploads\/usu1947\/2023\/12\/Cicle-superior.jpg 1299w, https:\/\/agora.xtec.cat\/ceipjoventutcallus\/wp-content\/uploads\/usu1947\/2023\/12\/Cicle-superior-300x300.jpg 300w, https:\/\/agora.xtec.cat\/ceipjoventutcallus\/wp-content\/uploads\/usu1947\/2023\/12\/Cicle-superior-1024x1024.jpg 1024w, https:\/\/agora.xtec.cat\/ceipjoventutcallus\/wp-content\/uploads\/usu1947\/2023\/12\/Cicle-superior-150x150.jpg 150w, https:\/\/agora.xtec.cat\/ceipjoventutcallus\/wp-content\/uploads\/usu1947\/2023\/12\/Cicle-superior-768x768.jpg 768w\" sizes=\"auto, (max-width: 206px) 100vw, 206px\" \/><\/a><\/p>\n","protected":false},"excerpt":{"rendered":"<p>L&#8217;\u00faltim dia del primer trimestre hem fet cagar el Ti\u00f3. Ens ha portat neules i torrons que hem compartit tots junts. Despr\u00e9s d&#8217;esmorzar coca i xocolata ens hem trobat amb tots els nens i nenes de l&#8217;escola per cantar les nadales i desitjar-nos bones festes.<br \/>\nPer&hellip;  <a href=\"https:\/\/agora.xtec.cat\/ceipjoventutcallus\/infantil\/festa-nadal\/\" title=\"Read Festa nadal\">Llegeix m\u00e9s\u00bb<\/a><\/p>\n","protected":false},"author":1,"featured_media":0,"comment_status":"closed","ping_status":"closed","sticky":false,"template":"","format":"standard","meta":{"_bbp_topic_count":0,"_bbp_reply_count":0,"_bbp_total_topic_count":0,"_bbp_total_reply_count":0,"_bbp_voice_count":0,"_bbp_anonymous_reply_count":0,"_bbp_topic_count_hidden":0,"_bbp_reply_count_hidden":0,"_bbp_forum_subforum_count":0,"footnotes":""},"categories":[2],"tags":[],"class_list":["post-5045","post","type-post","status-publish","format-standard","hentry","category-infantil"],"post_mailing_queue_ids":[],"_links":{"self":[{"href":"https:\/\/agora.xtec.cat\/ceipjoventutcallus\/wp-json\/wp\/v2\/posts\/5045","targetHints":{"allow":["GET"]}}],"collection":[{"href":"https:\/\/agora.xtec.cat\/ceipjoventutcallus\/wp-json\/wp\/v2\/posts"}],"about":[{"href":"https:\/\/agora.xtec.cat\/ceipjoventutcallus\/wp-json\/wp\/v2\/types\/post"}],"author":[{"embeddable":true,"href":"https:\/\/agora.xtec.cat\/ceipjoventutcallus\/wp-json\/wp\/v2\/users\/1"}],"replies":[{"embeddable":true,"href":"https:\/\/agora.xtec.cat\/ceipjoventutcallus\/wp-json\/wp\/v2\/comments?post=5045"}],"version-history":[{"count":4,"href":"https:\/\/agora.xtec.cat\/ceipjoventutcallus\/wp-json\/wp\/v2\/posts\/5045\/revisions"}],"predecessor-version":[{"id":5053,"href":"https:\/\/agora.xtec.cat\/ceipjoventutcallus\/wp-json\/wp\/v2\/posts\/5045\/revisions\/5053"}],"wp:attachment":[{"href":"https:\/\/agora.xtec.cat\/ceipjoventutcallus\/wp-json\/wp\/v2\/media?parent=5045"}],"wp:term":[{"taxonomy":"category","embeddable":true,"href":"https:\/\/agora.xtec.cat\/ceipjoventutcallus\/wp-json\/wp\/v2\/categories?post=5045"},{"taxonomy":"post_tag","embeddable":true,"href":"https:\/\/agora.xtec.cat\/ceipjoventutcallus\/wp-json\/wp\/v2\/tags?post=5045"}],"curies":[{"name":"wp","href":"https:\/\/api.w.org\/{rel}","templated":true}]}}