{"id":5042,"date":"2023-12-20T10:06:04","date_gmt":"2023-12-20T09:06:04","guid":{"rendered":"https:\/\/agora.xtec.cat\/ceipjoventutcallus\/?p=5042"},"modified":"2023-12-20T10:06:04","modified_gmt":"2023-12-20T09:06:04","slug":"programa-de-radio-especial-nadal","status":"publish","type":"post","link":"https:\/\/agora.xtec.cat\/ceipjoventutcallus\/ci\/programa-de-radio-especial-nadal\/","title":{"rendered":"Programa de r\u00e0dio especial Nadal"},"content":{"rendered":"<p>Els nens i nenes de 1r i 2n hem em\u00e8s un petit especial de r\u00e0dio per Nadal.<br \/>\nEl voleu escoltar?. <a href=\"https:\/\/drive.google.com\/file\/d\/1wcajuYyUyjE1h9cFGoIg4JoJNvBjzTcp\/view?usp=sharing\" target=\"_blank\" rel=\"noopener\">Feu clic aqu\u00ed.<\/a><\/p>\n","protected":false},"excerpt":{"rendered":"<p>Els nens i nenes de 1r i 2n hem em\u00e8s un petit especial de r\u00e0dio per Nadal.<br \/>\nEl voleu escoltar?. <a href=\"https:\/\/drive.google.com\/file\/d\/1wcajuYyUyjE1h9cFGoIg4JoJNvBjzTcp\/view?usp=sharing\" target=\"_blank\" rel=\"noopener\">Feu clic aqu\u00ed.<\/a><\/p>\n","protected":false},"author":11,"featured_media":5043,"comment_status":"closed","ping_status":"closed","sticky":false,"template":"","format":"standard","meta":{"_bbp_topic_count":0,"_bbp_reply_count":0,"_bbp_total_topic_count":0,"_bbp_total_reply_count":0,"_bbp_voice_count":0,"_bbp_anonymous_reply_count":0,"_bbp_topic_count_hidden":0,"_bbp_reply_count_hidden":0,"_bbp_forum_subforum_count":0,"footnotes":""},"categories":[61],"tags":[74],"class_list":["post-5042","post","type-post","status-publish","format-standard","has-post-thumbnail","hentry","category-ci","tag-activitats-aula"],"post_mailing_queue_ids":[],"_links":{"self":[{"href":"https:\/\/agora.xtec.cat\/ceipjoventutcallus\/wp-json\/wp\/v2\/posts\/5042","targetHints":{"allow":["GET"]}}],"collection":[{"href":"https:\/\/agora.xtec.cat\/ceipjoventutcallus\/wp-json\/wp\/v2\/posts"}],"about":[{"href":"https:\/\/agora.xtec.cat\/ceipjoventutcallus\/wp-json\/wp\/v2\/types\/post"}],"author":[{"embeddable":true,"href":"https:\/\/agora.xtec.cat\/ceipjoventutcallus\/wp-json\/wp\/v2\/users\/11"}],"replies":[{"embeddable":true,"href":"https:\/\/agora.xtec.cat\/ceipjoventutcallus\/wp-json\/wp\/v2\/comments?post=5042"}],"version-history":[{"count":1,"href":"https:\/\/agora.xtec.cat\/ceipjoventutcallus\/wp-json\/wp\/v2\/posts\/5042\/revisions"}],"predecessor-version":[{"id":5044,"href":"https:\/\/agora.xtec.cat\/ceipjoventutcallus\/wp-json\/wp\/v2\/posts\/5042\/revisions\/5044"}],"wp:featuredmedia":[{"embeddable":true,"href":"https:\/\/agora.xtec.cat\/ceipjoventutcallus\/wp-json\/wp\/v2\/media\/5043"}],"wp:attachment":[{"href":"https:\/\/agora.xtec.cat\/ceipjoventutcallus\/wp-json\/wp\/v2\/media?parent=5042"}],"wp:term":[{"taxonomy":"category","embeddable":true,"href":"https:\/\/agora.xtec.cat\/ceipjoventutcallus\/wp-json\/wp\/v2\/categories?post=5042"},{"taxonomy":"post_tag","embeddable":true,"href":"https:\/\/agora.xtec.cat\/ceipjoventutcallus\/wp-json\/wp\/v2\/tags?post=5042"}],"curies":[{"name":"wp","href":"https:\/\/api.w.org\/{rel}","templated":true}]}}