{"id":4982,"date":"2023-10-23T13:40:07","date_gmt":"2023-10-23T11:40:07","guid":{"rendered":"https:\/\/agora.xtec.cat\/ceipjoventutcallus\/?p=4982"},"modified":"2023-10-23T13:40:07","modified_gmt":"2023-10-23T11:40:07","slug":"anem-al-clam-2","status":"publish","type":"post","link":"https:\/\/agora.xtec.cat\/ceipjoventutcallus\/cm\/anem-al-clam-2\/","title":{"rendered":"Anem al CLAM"},"content":{"rendered":"<p>El dimarts 17 d&#8217;octubre vam anar als cinemes de Manresa a veure la pel\u00b7l\u00edcula &#8216;El meu ve\u00ed Totoro&#8217; inclosa dins la programaci\u00f3 del CLAM, Festival Internacional de Cinema Social de Catalunya.<\/p>\n<p>Podeu veure algunes fotos <a href=\"https:\/\/drive.google.com\/drive\/folders\/10uwzb4T4ifqCjJyyL1Jr8rN-Jfzg95Fo?usp=share_link\" target=\"_blank\" rel=\"noopener\">aqu\u00ed<\/a>.<\/p>\n","protected":false},"excerpt":{"rendered":"<p>El dimarts 17 d&#8217;octubre vam anar als cinemes de Manresa a veure la pel\u00b7l\u00edcula &#8216;El meu ve\u00ed Totoro&#8217; inclosa dins la programaci\u00f3 del CLAM, Festival Internacional de Cinema Social de Catalunya.<br \/>\nPodeu veure algunes fotos <a href=\"https:\/\/drive.google.com\/drive\/folders\/10uwzb4T4ifqCjJyyL1Jr8rN-Jfzg95Fo?usp=share_link\" target=\"_blank\" rel=\"noopener\">aqu\u00ed<\/a>.<\/p>\n","protected":false},"author":12,"featured_media":4984,"comment_status":"closed","ping_status":"closed","sticky":false,"template":"","format":"standard","meta":{"_bbp_topic_count":0,"_bbp_reply_count":0,"_bbp_total_topic_count":0,"_bbp_total_reply_count":0,"_bbp_voice_count":0,"_bbp_anonymous_reply_count":0,"_bbp_topic_count_hidden":0,"_bbp_reply_count_hidden":0,"_bbp_forum_subforum_count":0,"footnotes":""},"categories":[62],"tags":[105,117,16],"class_list":["post-4982","post","type-post","status-publish","format-standard","has-post-thumbnail","hentry","category-cm","tag-cinema","tag-clam","tag-sortides"],"post_mailing_queue_ids":[],"_links":{"self":[{"href":"https:\/\/agora.xtec.cat\/ceipjoventutcallus\/wp-json\/wp\/v2\/posts\/4982","targetHints":{"allow":["GET"]}}],"collection":[{"href":"https:\/\/agora.xtec.cat\/ceipjoventutcallus\/wp-json\/wp\/v2\/posts"}],"about":[{"href":"https:\/\/agora.xtec.cat\/ceipjoventutcallus\/wp-json\/wp\/v2\/types\/post"}],"author":[{"embeddable":true,"href":"https:\/\/agora.xtec.cat\/ceipjoventutcallus\/wp-json\/wp\/v2\/users\/12"}],"replies":[{"embeddable":true,"href":"https:\/\/agora.xtec.cat\/ceipjoventutcallus\/wp-json\/wp\/v2\/comments?post=4982"}],"version-history":[{"count":1,"href":"https:\/\/agora.xtec.cat\/ceipjoventutcallus\/wp-json\/wp\/v2\/posts\/4982\/revisions"}],"predecessor-version":[{"id":4983,"href":"https:\/\/agora.xtec.cat\/ceipjoventutcallus\/wp-json\/wp\/v2\/posts\/4982\/revisions\/4983"}],"wp:featuredmedia":[{"embeddable":true,"href":"https:\/\/agora.xtec.cat\/ceipjoventutcallus\/wp-json\/wp\/v2\/media\/4984"}],"wp:attachment":[{"href":"https:\/\/agora.xtec.cat\/ceipjoventutcallus\/wp-json\/wp\/v2\/media?parent=4982"}],"wp:term":[{"taxonomy":"category","embeddable":true,"href":"https:\/\/agora.xtec.cat\/ceipjoventutcallus\/wp-json\/wp\/v2\/categories?post=4982"},{"taxonomy":"post_tag","embeddable":true,"href":"https:\/\/agora.xtec.cat\/ceipjoventutcallus\/wp-json\/wp\/v2\/tags?post=4982"}],"curies":[{"name":"wp","href":"https:\/\/api.w.org\/{rel}","templated":true}]}}