{"id":4867,"date":"2023-06-26T10:49:02","date_gmt":"2023-06-26T08:49:02","guid":{"rendered":"https:\/\/agora.xtec.cat\/ceipjoventutcallus\/?p=4867"},"modified":"2023-06-29T08:53:03","modified_gmt":"2023-06-29T06:53:03","slug":"un-curs-de-pel%c2%b7licula","status":"publish","type":"post","link":"https:\/\/agora.xtec.cat\/ceipjoventutcallus\/general\/un-curs-de-pel%c2%b7licula\/","title":{"rendered":"UN CURS DE PEL\u00b7L\u00cdCULA"},"content":{"rendered":"<p>Aqu\u00ed teniu els enlla\u00e7os per poder veure les pel\u00b7l\u00edcules que han protagonitzat tot els grups, gaudiu-les!<\/p>\n<p>Cliqueu a les cartelleres o als enlla\u00e7os en cas que n&#8217;hi hagi m\u00e9s d&#8217;una.<\/p>\n<table style=\"width: 100%; border-collapse: collapse; border-color: #000000; border-style: double;\" border=\"1\" cellpadding=\"1\">\n<tbody>\n<tr>\n<td style=\"width: 229.656px;\"><a href=\"https:\/\/youtu.be\/9ytK_QK5Xs4\" target=\"_blank\" rel=\"noopener\"><img loading=\"lazy\" decoding=\"async\" class=\"alignnone wp-image-4871 size-large\" src=\"https:\/\/agora.xtec.cat\/ceipjoventutcallus\/wp-content\/uploads\/usu1947\/2023\/06\/cartell-pellicula-p3-576x1024.png\" alt=\"\" width=\"576\" height=\"1024\" srcset=\"https:\/\/agora.xtec.cat\/ceipjoventutcallus\/wp-content\/uploads\/usu1947\/2023\/06\/cartell-pellicula-p3-576x1024.png 576w, https:\/\/agora.xtec.cat\/ceipjoventutcallus\/wp-content\/uploads\/usu1947\/2023\/06\/cartell-pellicula-p3-169x300.png 169w, https:\/\/agora.xtec.cat\/ceipjoventutcallus\/wp-content\/uploads\/usu1947\/2023\/06\/cartell-pellicula-p3-768x1365.png 768w, https:\/\/agora.xtec.cat\/ceipjoventutcallus\/wp-content\/uploads\/usu1947\/2023\/06\/cartell-pellicula-p3-864x1536.png 864w, https:\/\/agora.xtec.cat\/ceipjoventutcallus\/wp-content\/uploads\/usu1947\/2023\/06\/cartell-pellicula-p3.png 1080w\" sizes=\"auto, (max-width: 576px) 100vw, 576px\" \/><\/a><\/td>\n<td style=\"width: 229.656px;\"><a href=\"https:\/\/youtu.be\/qDGc2O8qI-E\" target=\"_blank\" rel=\"noopener\"><img loading=\"lazy\" decoding=\"async\" class=\"alignnone wp-image-4879 size-large\" src=\"https:\/\/agora.xtec.cat\/ceipjoventutcallus\/wp-content\/uploads\/usu1947\/2023\/06\/P4-CARTELL-els-3-porquets-i-el-llop_00003-1-724x1024.jpg\" alt=\"\" width=\"724\" height=\"1024\" srcset=\"https:\/\/agora.xtec.cat\/ceipjoventutcallus\/wp-content\/uploads\/usu1947\/2023\/06\/P4-CARTELL-els-3-porquets-i-el-llop_00003-1-724x1024.jpg 724w, https:\/\/agora.xtec.cat\/ceipjoventutcallus\/wp-content\/uploads\/usu1947\/2023\/06\/P4-CARTELL-els-3-porquets-i-el-llop_00003-1-212x300.jpg 212w, https:\/\/agora.xtec.cat\/ceipjoventutcallus\/wp-content\/uploads\/usu1947\/2023\/06\/P4-CARTELL-els-3-porquets-i-el-llop_00003-1-768x1086.jpg 768w, https:\/\/agora.xtec.cat\/ceipjoventutcallus\/wp-content\/uploads\/usu1947\/2023\/06\/P4-CARTELL-els-3-porquets-i-el-llop_00003-1-1086x1536.jpg 1086w, https:\/\/agora.xtec.cat\/ceipjoventutcallus\/wp-content\/uploads\/usu1947\/2023\/06\/P4-CARTELL-els-3-porquets-i-el-llop_00003-1-1448x2048.jpg 1448w, https:\/\/agora.xtec.cat\/ceipjoventutcallus\/wp-content\/uploads\/usu1947\/2023\/06\/P4-CARTELL-els-3-porquets-i-el-llop_00003-1-scaled.jpg 1810w\" sizes=\"auto, (max-width: 724px) 100vw, 724px\" \/><\/a><\/td>\n<td style=\"width: 229.656px;\"><a href=\"https:\/\/youtu.be\/R_MrQJFdAxg\" target=\"_blank\" rel=\"noopener\"><img loading=\"lazy\" decoding=\"async\" class=\"alignnone wp-image-4876 size-large\" src=\"https:\/\/agora.xtec.cat\/ceipjoventutcallus\/wp-content\/uploads\/usu1947\/2023\/06\/I5_-Visca-els-tomaquets-717x1024.jpg\" alt=\"\" width=\"717\" height=\"1024\" srcset=\"https:\/\/agora.xtec.cat\/ceipjoventutcallus\/wp-content\/uploads\/usu1947\/2023\/06\/I5_-Visca-els-tomaquets-717x1024.jpg 717w, https:\/\/agora.xtec.cat\/ceipjoventutcallus\/wp-content\/uploads\/usu1947\/2023\/06\/I5_-Visca-els-tomaquets-210x300.jpg 210w, https:\/\/agora.xtec.cat\/ceipjoventutcallus\/wp-content\/uploads\/usu1947\/2023\/06\/I5_-Visca-els-tomaquets-768x1096.jpg 768w, https:\/\/agora.xtec.cat\/ceipjoventutcallus\/wp-content\/uploads\/usu1947\/2023\/06\/I5_-Visca-els-tomaquets-1076x1536.jpg 1076w, https:\/\/agora.xtec.cat\/ceipjoventutcallus\/wp-content\/uploads\/usu1947\/2023\/06\/I5_-Visca-els-tomaquets.jpg 1280w\" sizes=\"auto, (max-width: 717px) 100vw, 717px\" \/><\/a><\/td>\n<td style=\"width: 229.656px;\"><a href=\"https:\/\/youtu.be\/9gsfKZL8IKw\" target=\"_blank\" rel=\"noopener\"><img loading=\"lazy\" decoding=\"async\" class=\"alignnone wp-image-4877 size-large\" src=\"https:\/\/agora.xtec.cat\/ceipjoventutcallus\/wp-content\/uploads\/usu1947\/2023\/06\/I5_La-festa-dels-amics-i-amigues-683x1024.jpg\" alt=\"\" width=\"683\" height=\"1024\" srcset=\"https:\/\/agora.xtec.cat\/ceipjoventutcallus\/wp-content\/uploads\/usu1947\/2023\/06\/I5_La-festa-dels-amics-i-amigues-683x1024.jpg 683w, https:\/\/agora.xtec.cat\/ceipjoventutcallus\/wp-content\/uploads\/usu1947\/2023\/06\/I5_La-festa-dels-amics-i-amigues-200x300.jpg 200w, https:\/\/agora.xtec.cat\/ceipjoventutcallus\/wp-content\/uploads\/usu1947\/2023\/06\/I5_La-festa-dels-amics-i-amigues-768x1151.jpg 768w, https:\/\/agora.xtec.cat\/ceipjoventutcallus\/wp-content\/uploads\/usu1947\/2023\/06\/I5_La-festa-dels-amics-i-amigues-1025x1536.jpg 1025w, https:\/\/agora.xtec.cat\/ceipjoventutcallus\/wp-content\/uploads\/usu1947\/2023\/06\/I5_La-festa-dels-amics-i-amigues.jpg 1208w\" sizes=\"auto, (max-width: 683px) 100vw, 683px\" \/><\/a><\/td>\n<td style=\"width: 229.656px;\"><a href=\"https:\/\/youtu.be\/9xpipigYTk0\" target=\"_blank\" rel=\"noopener\"><img loading=\"lazy\" decoding=\"async\" class=\"alignnone wp-image-4880 size-large\" src=\"https:\/\/agora.xtec.cat\/ceipjoventutcallus\/wp-content\/uploads\/usu1947\/2023\/06\/1r_Les-unicorns-i-el-monstre-724x1024.jpg\" alt=\"\" width=\"724\" height=\"1024\" srcset=\"https:\/\/agora.xtec.cat\/ceipjoventutcallus\/wp-content\/uploads\/usu1947\/2023\/06\/1r_Les-unicorns-i-el-monstre-724x1024.jpg 724w, https:\/\/agora.xtec.cat\/ceipjoventutcallus\/wp-content\/uploads\/usu1947\/2023\/06\/1r_Les-unicorns-i-el-monstre-212x300.jpg 212w, https:\/\/agora.xtec.cat\/ceipjoventutcallus\/wp-content\/uploads\/usu1947\/2023\/06\/1r_Les-unicorns-i-el-monstre-768x1086.jpg 768w, https:\/\/agora.xtec.cat\/ceipjoventutcallus\/wp-content\/uploads\/usu1947\/2023\/06\/1r_Les-unicorns-i-el-monstre-1086x1536.jpg 1086w, https:\/\/agora.xtec.cat\/ceipjoventutcallus\/wp-content\/uploads\/usu1947\/2023\/06\/1r_Les-unicorns-i-el-monstre-1449x2048.jpg 1449w, https:\/\/agora.xtec.cat\/ceipjoventutcallus\/wp-content\/uploads\/usu1947\/2023\/06\/1r_Les-unicorns-i-el-monstre-scaled.jpg 1811w\" sizes=\"auto, (max-width: 724px) 100vw, 724px\" \/><\/a><\/td>\n<td style=\"width: 229.719px;\"><a href=\"https:\/\/youtu.be\/4OPBCmQlOTY\" target=\"_blank\" rel=\"noopener\"><img loading=\"lazy\" decoding=\"async\" class=\"alignnone wp-image-4881 size-large\" src=\"https:\/\/agora.xtec.cat\/ceipjoventutcallus\/wp-content\/uploads\/usu1947\/2023\/06\/1r_Un-mon-de-magia-DinA4-724x1024.jpg\" alt=\"\" width=\"724\" height=\"1024\" srcset=\"https:\/\/agora.xtec.cat\/ceipjoventutcallus\/wp-content\/uploads\/usu1947\/2023\/06\/1r_Un-mon-de-magia-DinA4-724x1024.jpg 724w, https:\/\/agora.xtec.cat\/ceipjoventutcallus\/wp-content\/uploads\/usu1947\/2023\/06\/1r_Un-mon-de-magia-DinA4-212x300.jpg 212w, https:\/\/agora.xtec.cat\/ceipjoventutcallus\/wp-content\/uploads\/usu1947\/2023\/06\/1r_Un-mon-de-magia-DinA4-768x1087.jpg 768w, https:\/\/agora.xtec.cat\/ceipjoventutcallus\/wp-content\/uploads\/usu1947\/2023\/06\/1r_Un-mon-de-magia-DinA4-1086x1536.jpg 1086w, https:\/\/agora.xtec.cat\/ceipjoventutcallus\/wp-content\/uploads\/usu1947\/2023\/06\/1r_Un-mon-de-magia-DinA4-1447x2048.jpg 1447w, https:\/\/agora.xtec.cat\/ceipjoventutcallus\/wp-content\/uploads\/usu1947\/2023\/06\/1r_Un-mon-de-magia-DinA4.jpg 1653w\" sizes=\"auto, (max-width: 724px) 100vw, 724px\" \/><\/a><\/td>\n<\/tr>\n<tr style=\"border-style: none;\">\n<td style=\"width: 229.656px;\"><\/td>\n<td style=\"width: 229.656px;\"><\/td>\n<td style=\"width: 229.656px;\"><\/td>\n<td style=\"width: 229.656px;\"><\/td>\n<td style=\"width: 229.656px;\"><\/td>\n<td style=\"width: 229.719px;\"><\/td>\n<\/tr>\n<tr>\n<td style=\"width: 229.656px;\"><a href=\"https:\/\/youtu.be\/p2a-LIkPD6o\" target=\"_blank\" rel=\"noopener\"><img loading=\"lazy\" decoding=\"async\" class=\"alignnone wp-image-4883 size-large\" src=\"https:\/\/agora.xtec.cat\/ceipjoventutcallus\/wp-content\/uploads\/usu1947\/2023\/06\/Cartell-2nA-724x1024.jpg\" alt=\"\" width=\"724\" height=\"1024\" srcset=\"https:\/\/agora.xtec.cat\/ceipjoventutcallus\/wp-content\/uploads\/usu1947\/2023\/06\/Cartell-2nA-724x1024.jpg 724w, https:\/\/agora.xtec.cat\/ceipjoventutcallus\/wp-content\/uploads\/usu1947\/2023\/06\/Cartell-2nA-212x300.jpg 212w, https:\/\/agora.xtec.cat\/ceipjoventutcallus\/wp-content\/uploads\/usu1947\/2023\/06\/Cartell-2nA-768x1087.jpg 768w, https:\/\/agora.xtec.cat\/ceipjoventutcallus\/wp-content\/uploads\/usu1947\/2023\/06\/Cartell-2nA-1086x1536.jpg 1086w, https:\/\/agora.xtec.cat\/ceipjoventutcallus\/wp-content\/uploads\/usu1947\/2023\/06\/Cartell-2nA-1448x2048.jpg 1448w, https:\/\/agora.xtec.cat\/ceipjoventutcallus\/wp-content\/uploads\/usu1947\/2023\/06\/Cartell-2nA.jpg 1654w\" sizes=\"auto, (max-width: 724px) 100vw, 724px\" \/><\/a><\/td>\n<td style=\"width: 229.656px;\"><a href=\"https:\/\/youtu.be\/TN06w_AKBjA\" target=\"_blank\" rel=\"noopener\"><img loading=\"lazy\" decoding=\"async\" class=\"alignnone wp-image-4882 size-large\" src=\"https:\/\/agora.xtec.cat\/ceipjoventutcallus\/wp-content\/uploads\/usu1947\/2023\/06\/EL-MON-DE-LES-ABELLES-724x1024.png\" alt=\"\" width=\"724\" height=\"1024\" srcset=\"https:\/\/agora.xtec.cat\/ceipjoventutcallus\/wp-content\/uploads\/usu1947\/2023\/06\/EL-MON-DE-LES-ABELLES-724x1024.png 724w, https:\/\/agora.xtec.cat\/ceipjoventutcallus\/wp-content\/uploads\/usu1947\/2023\/06\/EL-MON-DE-LES-ABELLES-212x300.png 212w, https:\/\/agora.xtec.cat\/ceipjoventutcallus\/wp-content\/uploads\/usu1947\/2023\/06\/EL-MON-DE-LES-ABELLES-768x1086.png 768w, https:\/\/agora.xtec.cat\/ceipjoventutcallus\/wp-content\/uploads\/usu1947\/2023\/06\/EL-MON-DE-LES-ABELLES-1086x1536.png 1086w, https:\/\/agora.xtec.cat\/ceipjoventutcallus\/wp-content\/uploads\/usu1947\/2023\/06\/EL-MON-DE-LES-ABELLES.png 1414w\" sizes=\"auto, (max-width: 724px) 100vw, 724px\" \/><\/a><\/td>\n<td style=\"width: 229.656px;\"><a href=\"https:\/\/youtu.be\/LnCFkxY4Kis\" target=\"_blank\" rel=\"noopener\"><img loading=\"lazy\" decoding=\"async\" class=\"alignnone wp-image-4870 size-large\" src=\"https:\/\/agora.xtec.cat\/ceipjoventutcallus\/wp-content\/uploads\/usu1947\/2023\/06\/Cartell-de-tercer-724x1024.png\" alt=\"\" width=\"724\" height=\"1024\" srcset=\"https:\/\/agora.xtec.cat\/ceipjoventutcallus\/wp-content\/uploads\/usu1947\/2023\/06\/Cartell-de-tercer-724x1024.png 724w, https:\/\/agora.xtec.cat\/ceipjoventutcallus\/wp-content\/uploads\/usu1947\/2023\/06\/Cartell-de-tercer-212x300.png 212w, https:\/\/agora.xtec.cat\/ceipjoventutcallus\/wp-content\/uploads\/usu1947\/2023\/06\/Cartell-de-tercer-768x1086.png 768w, https:\/\/agora.xtec.cat\/ceipjoventutcallus\/wp-content\/uploads\/usu1947\/2023\/06\/Cartell-de-tercer-1086x1536.png 1086w, https:\/\/agora.xtec.cat\/ceipjoventutcallus\/wp-content\/uploads\/usu1947\/2023\/06\/Cartell-de-tercer-1448x2048.png 1448w\" sizes=\"auto, (max-width: 724px) 100vw, 724px\" \/><\/a><\/td>\n<td style=\"width: 229.656px;\"><a href=\"https:\/\/youtu.be\/fu6bgJ9CmTU\" target=\"_blank\" rel=\"noopener\"><img loading=\"lazy\" decoding=\"async\" class=\"alignnone wp-image-4868 size-large\" src=\"https:\/\/agora.xtec.cat\/ceipjoventutcallus\/wp-content\/uploads\/usu1947\/2023\/06\/4rt-Cartell-Curt-F.Primavera-724x1024.png\" alt=\"\" width=\"724\" height=\"1024\" srcset=\"https:\/\/agora.xtec.cat\/ceipjoventutcallus\/wp-content\/uploads\/usu1947\/2023\/06\/4rt-Cartell-Curt-F.Primavera-724x1024.png 724w, https:\/\/agora.xtec.cat\/ceipjoventutcallus\/wp-content\/uploads\/usu1947\/2023\/06\/4rt-Cartell-Curt-F.Primavera-212x300.png 212w, https:\/\/agora.xtec.cat\/ceipjoventutcallus\/wp-content\/uploads\/usu1947\/2023\/06\/4rt-Cartell-Curt-F.Primavera-768x1086.png 768w, https:\/\/agora.xtec.cat\/ceipjoventutcallus\/wp-content\/uploads\/usu1947\/2023\/06\/4rt-Cartell-Curt-F.Primavera-1086x1536.png 1086w, https:\/\/agora.xtec.cat\/ceipjoventutcallus\/wp-content\/uploads\/usu1947\/2023\/06\/4rt-Cartell-Curt-F.Primavera-1448x2048.png 1448w, https:\/\/agora.xtec.cat\/ceipjoventutcallus\/wp-content\/uploads\/usu1947\/2023\/06\/4rt-Cartell-Curt-F.Primavera.png 1587w\" sizes=\"auto, (max-width: 724px) 100vw, 724px\" \/><\/a><\/td>\n<td style=\"width: 229.656px;\"><img loading=\"lazy\" decoding=\"async\" class=\"alignnone wp-image-4869 size-large\" src=\"https:\/\/agora.xtec.cat\/ceipjoventutcallus\/wp-content\/uploads\/usu1947\/2023\/06\/5e_jocs-d_animacio-724x1024.png\" alt=\"\" width=\"724\" height=\"1024\" srcset=\"https:\/\/agora.xtec.cat\/ceipjoventutcallus\/wp-content\/uploads\/usu1947\/2023\/06\/5e_jocs-d_animacio-724x1024.png 724w, https:\/\/agora.xtec.cat\/ceipjoventutcallus\/wp-content\/uploads\/usu1947\/2023\/06\/5e_jocs-d_animacio-212x300.png 212w, https:\/\/agora.xtec.cat\/ceipjoventutcallus\/wp-content\/uploads\/usu1947\/2023\/06\/5e_jocs-d_animacio-768x1086.png 768w, https:\/\/agora.xtec.cat\/ceipjoventutcallus\/wp-content\/uploads\/usu1947\/2023\/06\/5e_jocs-d_animacio-1086x1536.png 1086w, https:\/\/agora.xtec.cat\/ceipjoventutcallus\/wp-content\/uploads\/usu1947\/2023\/06\/5e_jocs-d_animacio-1448x2048.png 1448w, https:\/\/agora.xtec.cat\/ceipjoventutcallus\/wp-content\/uploads\/usu1947\/2023\/06\/5e_jocs-d_animacio.png 1587w\" sizes=\"auto, (max-width: 724px) 100vw, 724px\" \/><\/td>\n<td style=\"width: 229.719px;\"><a href=\"https:\/\/youtu.be\/1uqOQSav270\" target=\"_blank\" rel=\"noopener\"><img loading=\"lazy\" decoding=\"async\" class=\"alignnone wp-image-4885 size-large\" src=\"https:\/\/agora.xtec.cat\/ceipjoventutcallus\/wp-content\/uploads\/usu1947\/2023\/06\/La-butxaca-magica-de-6e-724x1024.jpg\" alt=\"\" width=\"724\" height=\"1024\" srcset=\"https:\/\/agora.xtec.cat\/ceipjoventutcallus\/wp-content\/uploads\/usu1947\/2023\/06\/La-butxaca-magica-de-6e-724x1024.jpg 724w, https:\/\/agora.xtec.cat\/ceipjoventutcallus\/wp-content\/uploads\/usu1947\/2023\/06\/La-butxaca-magica-de-6e-212x300.jpg 212w, https:\/\/agora.xtec.cat\/ceipjoventutcallus\/wp-content\/uploads\/usu1947\/2023\/06\/La-butxaca-magica-de-6e-768x1086.jpg 768w, https:\/\/agora.xtec.cat\/ceipjoventutcallus\/wp-content\/uploads\/usu1947\/2023\/06\/La-butxaca-magica-de-6e-1086x1536.jpg 1086w, https:\/\/agora.xtec.cat\/ceipjoventutcallus\/wp-content\/uploads\/usu1947\/2023\/06\/La-butxaca-magica-de-6e-1448x2048.jpg 1448w, https:\/\/agora.xtec.cat\/ceipjoventutcallus\/wp-content\/uploads\/usu1947\/2023\/06\/La-butxaca-magica-de-6e-scaled.jpg 1810w\" sizes=\"auto, (max-width: 724px) 100vw, 724px\" \/><\/a><\/td>\n<\/tr>\n<tr>\n<td style=\"width: 229.656px;\"><\/td>\n<td style=\"width: 229.656px;\"><a href=\"https:\/\/youtu.be\/vdMzQ3k819U\" target=\"_blank\" rel=\"noopener\">Aqu\u00ed teniu tamb\u00e9 el Making Off<\/a><\/td>\n<td style=\"width: 229.656px;\"><\/td>\n<td style=\"width: 229.656px;\"><\/td>\n<td style=\"width: 229.656px;\">\n<ul>\n<li><a href=\"https:\/\/youtu.be\/GcQm0kvGtFQ\" target=\"_blank\" rel=\"noopener\">No cal que ens enfadem<\/a><\/li>\n<li><a href=\"https:\/\/youtu.be\/6r2vtKN0yiQ\" target=\"_blank\" rel=\"noopener\">Un joc estrany<\/a><\/li>\n<li><a href=\"https:\/\/youtu.be\/Dk96XjnjxJI\" target=\"_blank\" rel=\"noopener\">Els emilis i l&#8217;aventura<\/a><\/li>\n<\/ul>\n<\/td>\n<td style=\"width: 229.719px;\"><\/td>\n<\/tr>\n<\/tbody>\n<\/table>\n","protected":false},"excerpt":{"rendered":"<p>Aqu\u00ed teniu els enlla\u00e7os per poder veure les pel\u00b7l\u00edcules que han protagonitzat tot els grups, gaudiu-les!<br \/>\nCliqueu a les cartelleres o als enlla\u00e7os en cas que n&#8217;hi hagi m\u00e9s d&#8217;una.<\/p>\n<p><a href=\"https:\/\/youtu.be\/9ytK_QK5Xs4\" target=\"_blank\" rel=\"noopener\"><\/a><br \/>\n<a href=\"https:\/\/youtu.be\/qDGc2O8qI-E\" target=\"_blank\" rel=\"noopener\"><\/a><br \/>\n<a href=\"https:\/\/youtu.be\/R_MrQJFdAxg\" target=\"_blank\" rel=\"noopener\"><\/a><br \/>\n<a href=\"https:\/\/youtu.be\/9gsfKZL8IKw\" target=\"_blank\" rel=\"noopener\"><\/a><br \/>\n<a href=\"https:\/\/youtu.be\/9xpipigYTk0\" target=\"_blank\" rel=\"noopener\"><\/a><br \/>\n<a href=\"https:\/\/youtu.be\/4OPBCmQlOTY\"&hellip;  <a href=\"https:\/\/agora.xtec.cat\/ceipjoventutcallus\/general\/un-curs-de-pel%c2%b7licula\/\" title=\"Read UN CURS DE PEL\u00b7L\u00cdCULA\">Llegeix m\u00e9s\u00bb<\/a><\/p>\n","protected":false},"author":6,"featured_media":4888,"comment_status":"closed","ping_status":"closed","sticky":false,"template":"","format":"standard","meta":{"_bbp_topic_count":0,"_bbp_reply_count":0,"_bbp_total_topic_count":0,"_bbp_total_reply_count":0,"_bbp_voice_count":0,"_bbp_anonymous_reply_count":0,"_bbp_topic_count_hidden":0,"_bbp_reply_count_hidden":0,"_bbp_forum_subforum_count":0,"footnotes":""},"categories":[1,4],"tags":[74,98],"class_list":["post-4867","post","type-post","status-publish","format-standard","has-post-thumbnail","hentry","category-general","category-portada","tag-activitats-aula","tag-projectes"],"post_mailing_queue_ids":[],"_links":{"self":[{"href":"https:\/\/agora.xtec.cat\/ceipjoventutcallus\/wp-json\/wp\/v2\/posts\/4867","targetHints":{"allow":["GET"]}}],"collection":[{"href":"https:\/\/agora.xtec.cat\/ceipjoventutcallus\/wp-json\/wp\/v2\/posts"}],"about":[{"href":"https:\/\/agora.xtec.cat\/ceipjoventutcallus\/wp-json\/wp\/v2\/types\/post"}],"author":[{"embeddable":true,"href":"https:\/\/agora.xtec.cat\/ceipjoventutcallus\/wp-json\/wp\/v2\/users\/6"}],"replies":[{"embeddable":true,"href":"https:\/\/agora.xtec.cat\/ceipjoventutcallus\/wp-json\/wp\/v2\/comments?post=4867"}],"version-history":[{"count":3,"href":"https:\/\/agora.xtec.cat\/ceipjoventutcallus\/wp-json\/wp\/v2\/posts\/4867\/revisions"}],"predecessor-version":[{"id":4894,"href":"https:\/\/agora.xtec.cat\/ceipjoventutcallus\/wp-json\/wp\/v2\/posts\/4867\/revisions\/4894"}],"wp:featuredmedia":[{"embeddable":true,"href":"https:\/\/agora.xtec.cat\/ceipjoventutcallus\/wp-json\/wp\/v2\/media\/4888"}],"wp:attachment":[{"href":"https:\/\/agora.xtec.cat\/ceipjoventutcallus\/wp-json\/wp\/v2\/media?parent=4867"}],"wp:term":[{"taxonomy":"category","embeddable":true,"href":"https:\/\/agora.xtec.cat\/ceipjoventutcallus\/wp-json\/wp\/v2\/categories?post=4867"},{"taxonomy":"post_tag","embeddable":true,"href":"https:\/\/agora.xtec.cat\/ceipjoventutcallus\/wp-json\/wp\/v2\/tags?post=4867"}],"curies":[{"name":"wp","href":"https:\/\/api.w.org\/{rel}","templated":true}]}}