{"id":4751,"date":"2023-02-22T13:36:10","date_gmt":"2023-02-22T12:36:10","guid":{"rendered":"https:\/\/agora.xtec.cat\/ceipjoventutcallus\/?p=4751"},"modified":"2023-02-22T13:36:10","modified_gmt":"2023-02-22T12:36:10","slug":"dijous-llarder-a-viladelleva-2","status":"publish","type":"post","link":"https:\/\/agora.xtec.cat\/ceipjoventutcallus\/cs\/dijous-llarder-a-viladelleva-2\/","title":{"rendered":"DIJOUS LLARDER A VILADELLEVA"},"content":{"rendered":"<p>Com ja \u00e9s tradici\u00f3 l&#8217;alumnat de cicle superior vam anar a passar el dijous llarder a Viladelleva.<\/p>\n<p>Durant el recorregut es van fer diferents\u00a0 parades per explicar llegendes del territori i algunes altres curiositats.<\/p>\n<p>Un cop all\u00e0 vam poder entrar per visitar l&#8217;ermita rom\u00e0nica de Santa Maria de Viladelleva i la necr\u00f2polis medieval que hi ha a la vora.<\/p>\n<p>Si voleu veure les fotos cliqueu <a href=\"https:\/\/photos.app.goo.gl\/4yZCje1gJKZGnMVQ6\">aqu\u00ed.<\/a><\/p>\n","protected":false},"excerpt":{"rendered":"<p>Com ja \u00e9s tradici\u00f3 l&#8217;alumnat de cicle superior vam anar a passar el dijous llarder a Viladelleva.<br \/>\nDurant el recorregut es van fer diferents\u00a0 parades per explicar llegendes del territori i algunes altres curiositats.<br \/>\nUn cop all\u00e0 vam poder entrar per visitar l&#8217;ermita rom\u00e0nica de Santa Maria&hellip;  <a href=\"https:\/\/agora.xtec.cat\/ceipjoventutcallus\/cs\/dijous-llarder-a-viladelleva-2\/\" title=\"Read DIJOUS LLARDER A VILADELLEVA\">Llegeix m\u00e9s\u00bb<\/a><\/p>\n","protected":false},"author":9,"featured_media":4752,"comment_status":"closed","ping_status":"closed","sticky":false,"template":"","format":"standard","meta":{"_bbp_topic_count":0,"_bbp_reply_count":0,"_bbp_total_topic_count":0,"_bbp_total_reply_count":0,"_bbp_voice_count":0,"_bbp_anonymous_reply_count":0,"_bbp_topic_count_hidden":0,"_bbp_reply_count_hidden":0,"_bbp_forum_subforum_count":0,"footnotes":""},"categories":[63],"tags":[],"class_list":["post-4751","post","type-post","status-publish","format-standard","has-post-thumbnail","hentry","category-cs"],"post_mailing_queue_ids":[],"_links":{"self":[{"href":"https:\/\/agora.xtec.cat\/ceipjoventutcallus\/wp-json\/wp\/v2\/posts\/4751","targetHints":{"allow":["GET"]}}],"collection":[{"href":"https:\/\/agora.xtec.cat\/ceipjoventutcallus\/wp-json\/wp\/v2\/posts"}],"about":[{"href":"https:\/\/agora.xtec.cat\/ceipjoventutcallus\/wp-json\/wp\/v2\/types\/post"}],"author":[{"embeddable":true,"href":"https:\/\/agora.xtec.cat\/ceipjoventutcallus\/wp-json\/wp\/v2\/users\/9"}],"replies":[{"embeddable":true,"href":"https:\/\/agora.xtec.cat\/ceipjoventutcallus\/wp-json\/wp\/v2\/comments?post=4751"}],"version-history":[{"count":1,"href":"https:\/\/agora.xtec.cat\/ceipjoventutcallus\/wp-json\/wp\/v2\/posts\/4751\/revisions"}],"predecessor-version":[{"id":4753,"href":"https:\/\/agora.xtec.cat\/ceipjoventutcallus\/wp-json\/wp\/v2\/posts\/4751\/revisions\/4753"}],"wp:featuredmedia":[{"embeddable":true,"href":"https:\/\/agora.xtec.cat\/ceipjoventutcallus\/wp-json\/wp\/v2\/media\/4752"}],"wp:attachment":[{"href":"https:\/\/agora.xtec.cat\/ceipjoventutcallus\/wp-json\/wp\/v2\/media?parent=4751"}],"wp:term":[{"taxonomy":"category","embeddable":true,"href":"https:\/\/agora.xtec.cat\/ceipjoventutcallus\/wp-json\/wp\/v2\/categories?post=4751"},{"taxonomy":"post_tag","embeddable":true,"href":"https:\/\/agora.xtec.cat\/ceipjoventutcallus\/wp-json\/wp\/v2\/tags?post=4751"}],"curies":[{"name":"wp","href":"https:\/\/api.w.org\/{rel}","templated":true}]}}