{"id":4485,"date":"2022-06-04T12:12:04","date_gmt":"2022-06-04T10:12:04","guid":{"rendered":"https:\/\/agora.xtec.cat\/ceipjoventutcallus\/?p=4485"},"modified":"2022-06-04T12:12:11","modified_gmt":"2022-06-04T10:12:11","slug":"conferencia-den-mohamed-sobre-les-tortugues-marines","status":"publish","type":"post","link":"https:\/\/agora.xtec.cat\/ceipjoventutcallus\/cm\/conferencia-den-mohamed-sobre-les-tortugues-marines\/","title":{"rendered":"Confer\u00e8ncia d&#8217;en Mohamed sobre les tortugues marines."},"content":{"rendered":"<p>El dia 3 de juny, els nens i les nenes de la classe de la natura vam poder escoltar la confer\u00e8ncia sobre les portugu\u00e9s marines que ens va fer en Mohamed. Aquests animals s&#8217;han adaptativa molt b\u00e9 a la vida marina. Gr\u00e0cies Mohamed per explicar-nos-ho!<\/p>\n<p>Si voleu veure les fotos, cliqueu<a href=\"https:\/\/photos.app.goo.gl\/NbyyTeBpZVcZiNaGA\"> aqu\u00ed.<\/a><\/p>\n","protected":false},"excerpt":{"rendered":"<p>El dia 3 de juny, els nens i les nenes de la classe de la natura vam poder escoltar la confer\u00e8ncia sobre les portugu\u00e9s marines que ens va fer en Mohamed. Aquests animals s&#8217;han adaptativa molt b\u00e9 a la vida marina. Gr\u00e0cies Mohamed per explicar-nos-ho!<br \/>\nSi&hellip;  <a href=\"https:\/\/agora.xtec.cat\/ceipjoventutcallus\/cm\/conferencia-den-mohamed-sobre-les-tortugues-marines\/\" title=\"Read Confer\u00e8ncia d&#8217;en Mohamed sobre les tortugues marines.\">Llegeix m\u00e9s\u00bb<\/a><\/p>\n","protected":false},"author":7,"featured_media":4486,"comment_status":"open","ping_status":"closed","sticky":false,"template":"","format":"standard","meta":{"_bbp_topic_count":0,"_bbp_reply_count":0,"_bbp_total_topic_count":0,"_bbp_total_reply_count":0,"_bbp_voice_count":0,"_bbp_anonymous_reply_count":0,"_bbp_topic_count_hidden":0,"_bbp_reply_count_hidden":0,"_bbp_forum_subforum_count":0,"footnotes":""},"categories":[62],"tags":[],"class_list":["post-4485","post","type-post","status-publish","format-standard","has-post-thumbnail","hentry","category-cm"],"post_mailing_queue_ids":[],"_links":{"self":[{"href":"https:\/\/agora.xtec.cat\/ceipjoventutcallus\/wp-json\/wp\/v2\/posts\/4485","targetHints":{"allow":["GET"]}}],"collection":[{"href":"https:\/\/agora.xtec.cat\/ceipjoventutcallus\/wp-json\/wp\/v2\/posts"}],"about":[{"href":"https:\/\/agora.xtec.cat\/ceipjoventutcallus\/wp-json\/wp\/v2\/types\/post"}],"author":[{"embeddable":true,"href":"https:\/\/agora.xtec.cat\/ceipjoventutcallus\/wp-json\/wp\/v2\/users\/7"}],"replies":[{"embeddable":true,"href":"https:\/\/agora.xtec.cat\/ceipjoventutcallus\/wp-json\/wp\/v2\/comments?post=4485"}],"version-history":[{"count":1,"href":"https:\/\/agora.xtec.cat\/ceipjoventutcallus\/wp-json\/wp\/v2\/posts\/4485\/revisions"}],"predecessor-version":[{"id":4487,"href":"https:\/\/agora.xtec.cat\/ceipjoventutcallus\/wp-json\/wp\/v2\/posts\/4485\/revisions\/4487"}],"wp:featuredmedia":[{"embeddable":true,"href":"https:\/\/agora.xtec.cat\/ceipjoventutcallus\/wp-json\/wp\/v2\/media\/4486"}],"wp:attachment":[{"href":"https:\/\/agora.xtec.cat\/ceipjoventutcallus\/wp-json\/wp\/v2\/media?parent=4485"}],"wp:term":[{"taxonomy":"category","embeddable":true,"href":"https:\/\/agora.xtec.cat\/ceipjoventutcallus\/wp-json\/wp\/v2\/categories?post=4485"},{"taxonomy":"post_tag","embeddable":true,"href":"https:\/\/agora.xtec.cat\/ceipjoventutcallus\/wp-json\/wp\/v2\/tags?post=4485"}],"curies":[{"name":"wp","href":"https:\/\/api.w.org\/{rel}","templated":true}]}}