{"id":4447,"date":"2022-05-18T09:39:00","date_gmt":"2022-05-18T07:39:00","guid":{"rendered":"https:\/\/agora.xtec.cat\/ceipjoventutcallus\/?p=4447"},"modified":"2022-05-18T09:39:00","modified_gmt":"2022-05-18T07:39:00","slug":"els-nens-i-nenes-de-2n-representem-the-moon-is-in-the-river","status":"publish","type":"post","link":"https:\/\/agora.xtec.cat\/ceipjoventutcallus\/ci\/els-nens-i-nenes-de-2n-representem-the-moon-is-in-the-river\/","title":{"rendered":"Els nens i nenes de 2n representem &#8220;The moon is in the river&#8221;"},"content":{"rendered":"<p><span style=\"font-weight: 400;\">Des de finals del segon trimestre els nens i nenes de 2n han estat treballant, a les hores de llengua anglesa, aspectes relacionats amb la hist\u00f2ria \u201cThe moon is in the river\u201d. Com a producte final de la unitat, han preparat la representaci\u00f3 d\u2019aquesta hist\u00f2ria per grups.<\/span><\/p>\n<p><span style=\"font-weight: 400;\">Un cop preparats els di\u00e0legs i tot el material necessari per l\u2019escenificaci\u00f3 de l\u2019obra, els nens i nenes l\u2019han representat a davant de la resta de cursos de l\u2019escola.<\/span><\/p>\n<p><span style=\"font-weight: 400;\">A m\u00e9s, tamb\u00e9 han apr\u00e8s una \u201cchant\u201d relacionada amb els animals que apareixen a \u201cThe moon is in the river\u201d.\u00a0<\/span><\/p>\n<p><span style=\"font-weight: 400;\">Ho han fet d\u2019all\u00f2 m\u00e9s b\u00e9 i han estat ben contents i contentes! Well done!<\/span><\/p>\n<p><span style=\"font-weight: 400;\">Us en deixem fotografies i v\u00eddeos.<\/span><\/p>\n<p><a href=\"https:\/\/photos.app.goo.gl\/bXNVAmkBCFDCCGY97\"><span style=\"font-weight: 400;\">https:\/\/photos.app.goo.gl\/bXNVAmkBCFDCCGY97<\/span><\/a><\/p>\n","protected":false},"excerpt":{"rendered":"<p>Des de finals del segon trimestre els nens i nenes de 2n han estat treballant, a les hores de llengua anglesa, aspectes relacionats amb la hist\u00f2ria \u201cThe moon is in the river\u201d. Com a producte final de la unitat, han preparat la representaci\u00f3 d\u2019aquesta hist\u00f2ria&hellip;  <a href=\"https:\/\/agora.xtec.cat\/ceipjoventutcallus\/ci\/els-nens-i-nenes-de-2n-representem-the-moon-is-in-the-river\/\" title=\"Read Els nens i nenes de 2n representem &#8220;The moon is in the river&#8221;\">Llegeix m\u00e9s\u00bb<\/a><\/p>\n","protected":false},"author":6,"featured_media":4448,"comment_status":"closed","ping_status":"closed","sticky":false,"template":"","format":"standard","meta":{"_bbp_topic_count":0,"_bbp_reply_count":0,"_bbp_total_topic_count":0,"_bbp_total_reply_count":0,"_bbp_voice_count":0,"_bbp_anonymous_reply_count":0,"_bbp_topic_count_hidden":0,"_bbp_reply_count_hidden":0,"_bbp_forum_subforum_count":0,"footnotes":""},"categories":[61],"tags":[94],"class_list":["post-4447","post","type-post","status-publish","format-standard","has-post-thumbnail","hentry","category-ci","tag-english"],"post_mailing_queue_ids":[],"_links":{"self":[{"href":"https:\/\/agora.xtec.cat\/ceipjoventutcallus\/wp-json\/wp\/v2\/posts\/4447","targetHints":{"allow":["GET"]}}],"collection":[{"href":"https:\/\/agora.xtec.cat\/ceipjoventutcallus\/wp-json\/wp\/v2\/posts"}],"about":[{"href":"https:\/\/agora.xtec.cat\/ceipjoventutcallus\/wp-json\/wp\/v2\/types\/post"}],"author":[{"embeddable":true,"href":"https:\/\/agora.xtec.cat\/ceipjoventutcallus\/wp-json\/wp\/v2\/users\/6"}],"replies":[{"embeddable":true,"href":"https:\/\/agora.xtec.cat\/ceipjoventutcallus\/wp-json\/wp\/v2\/comments?post=4447"}],"version-history":[{"count":1,"href":"https:\/\/agora.xtec.cat\/ceipjoventutcallus\/wp-json\/wp\/v2\/posts\/4447\/revisions"}],"predecessor-version":[{"id":4449,"href":"https:\/\/agora.xtec.cat\/ceipjoventutcallus\/wp-json\/wp\/v2\/posts\/4447\/revisions\/4449"}],"wp:featuredmedia":[{"embeddable":true,"href":"https:\/\/agora.xtec.cat\/ceipjoventutcallus\/wp-json\/wp\/v2\/media\/4448"}],"wp:attachment":[{"href":"https:\/\/agora.xtec.cat\/ceipjoventutcallus\/wp-json\/wp\/v2\/media?parent=4447"}],"wp:term":[{"taxonomy":"category","embeddable":true,"href":"https:\/\/agora.xtec.cat\/ceipjoventutcallus\/wp-json\/wp\/v2\/categories?post=4447"},{"taxonomy":"post_tag","embeddable":true,"href":"https:\/\/agora.xtec.cat\/ceipjoventutcallus\/wp-json\/wp\/v2\/tags?post=4447"}],"curies":[{"name":"wp","href":"https:\/\/api.w.org\/{rel}","templated":true}]}}