{"id":4426,"date":"2022-05-04T13:25:54","date_gmt":"2022-05-04T11:25:54","guid":{"rendered":"https:\/\/agora.xtec.cat\/ceipjoventutcallus\/?p=4426"},"modified":"2022-05-04T13:25:54","modified_gmt":"2022-05-04T11:25:54","slug":"visita-a-la-fundacio-miro","status":"publish","type":"post","link":"https:\/\/agora.xtec.cat\/ceipjoventutcallus\/infantil\/visita-a-la-fundacio-miro\/","title":{"rendered":"Visita a la Fundaci\u00f3 Mir\u00f3"},"content":{"rendered":"<p>Aquest curs, els alumnes de P3, P4 i P5 estem fent el Projecte de pl\u00e0stica sobre la Fundaci\u00f3 Mir\u00f3. Per aix\u00f2, hem anat a fer una visita i hem pogut veure de ben a prop les obres d&#8217;en Joan Mir\u00f3.<\/p>\n<p>Per veure les fotos cliqueu la imatge.<\/p>\n<p><a href=\"https:\/\/photos.app.goo.gl\/Ln5mpgnKfpj8PCdp7\"><img loading=\"lazy\" decoding=\"async\" class=\"aligncenter  wp-image-4427\" src=\"https:\/\/agora.xtec.cat\/ceipjoventutcallus\/wp-content\/uploads\/usu1947\/2022\/05\/IMG-20220423-WA0028.jpg\" alt=\"\" width=\"446\" height=\"334\" srcset=\"https:\/\/agora.xtec.cat\/ceipjoventutcallus\/wp-content\/uploads\/usu1947\/2022\/05\/IMG-20220423-WA0028.jpg 2048w, https:\/\/agora.xtec.cat\/ceipjoventutcallus\/wp-content\/uploads\/usu1947\/2022\/05\/IMG-20220423-WA0028-300x225.jpg 300w, https:\/\/agora.xtec.cat\/ceipjoventutcallus\/wp-content\/uploads\/usu1947\/2022\/05\/IMG-20220423-WA0028-1024x768.jpg 1024w, https:\/\/agora.xtec.cat\/ceipjoventutcallus\/wp-content\/uploads\/usu1947\/2022\/05\/IMG-20220423-WA0028-768x576.jpg 768w, https:\/\/agora.xtec.cat\/ceipjoventutcallus\/wp-content\/uploads\/usu1947\/2022\/05\/IMG-20220423-WA0028-1536x1152.jpg 1536w, https:\/\/agora.xtec.cat\/ceipjoventutcallus\/wp-content\/uploads\/usu1947\/2022\/05\/IMG-20220423-WA0028-200x150.jpg 200w\" sizes=\"auto, (max-width: 446px) 100vw, 446px\" \/><\/a><\/p>\n","protected":false},"excerpt":{"rendered":"<p>Aquest curs, els alumnes de P3, P4 i P5 estem fent el Projecte de pl\u00e0stica sobre la Fundaci\u00f3 Mir\u00f3. Per aix\u00f2, hem anat a fer una visita i hem pogut veure de ben a prop les obres d&#8217;en Joan Mir\u00f3.<br \/>\nPer veure les fotos cliqueu la&hellip;  <a href=\"https:\/\/agora.xtec.cat\/ceipjoventutcallus\/infantil\/visita-a-la-fundacio-miro\/\" title=\"Read Visita a la Fundaci\u00f3 Mir\u00f3\">Llegeix m\u00e9s\u00bb<\/a><\/p>\n","protected":false},"author":1,"featured_media":0,"comment_status":"closed","ping_status":"closed","sticky":false,"template":"","format":"standard","meta":{"_bbp_topic_count":0,"_bbp_reply_count":0,"_bbp_total_topic_count":0,"_bbp_total_reply_count":0,"_bbp_voice_count":0,"_bbp_anonymous_reply_count":0,"_bbp_topic_count_hidden":0,"_bbp_reply_count_hidden":0,"_bbp_forum_subforum_count":0,"footnotes":""},"categories":[2],"tags":[],"class_list":["post-4426","post","type-post","status-publish","format-standard","hentry","category-infantil"],"post_mailing_queue_ids":[],"_links":{"self":[{"href":"https:\/\/agora.xtec.cat\/ceipjoventutcallus\/wp-json\/wp\/v2\/posts\/4426","targetHints":{"allow":["GET"]}}],"collection":[{"href":"https:\/\/agora.xtec.cat\/ceipjoventutcallus\/wp-json\/wp\/v2\/posts"}],"about":[{"href":"https:\/\/agora.xtec.cat\/ceipjoventutcallus\/wp-json\/wp\/v2\/types\/post"}],"author":[{"embeddable":true,"href":"https:\/\/agora.xtec.cat\/ceipjoventutcallus\/wp-json\/wp\/v2\/users\/1"}],"replies":[{"embeddable":true,"href":"https:\/\/agora.xtec.cat\/ceipjoventutcallus\/wp-json\/wp\/v2\/comments?post=4426"}],"version-history":[{"count":1,"href":"https:\/\/agora.xtec.cat\/ceipjoventutcallus\/wp-json\/wp\/v2\/posts\/4426\/revisions"}],"predecessor-version":[{"id":4428,"href":"https:\/\/agora.xtec.cat\/ceipjoventutcallus\/wp-json\/wp\/v2\/posts\/4426\/revisions\/4428"}],"wp:attachment":[{"href":"https:\/\/agora.xtec.cat\/ceipjoventutcallus\/wp-json\/wp\/v2\/media?parent=4426"}],"wp:term":[{"taxonomy":"category","embeddable":true,"href":"https:\/\/agora.xtec.cat\/ceipjoventutcallus\/wp-json\/wp\/v2\/categories?post=4426"},{"taxonomy":"post_tag","embeddable":true,"href":"https:\/\/agora.xtec.cat\/ceipjoventutcallus\/wp-json\/wp\/v2\/tags?post=4426"}],"curies":[{"name":"wp","href":"https:\/\/api.w.org\/{rel}","templated":true}]}}