{"id":4269,"date":"2022-01-29T17:16:32","date_gmt":"2022-01-29T16:16:32","guid":{"rendered":"https:\/\/agora.xtec.cat\/ceipjoventutcallus\/?p=4269"},"modified":"2022-01-29T17:16:32","modified_gmt":"2022-01-29T16:16:32","slug":"cartells-del-projecte-cuidem-el-planeta-4t","status":"publish","type":"post","link":"https:\/\/agora.xtec.cat\/ceipjoventutcallus\/cm\/cartells-del-projecte-cuidem-el-planeta-4t\/","title":{"rendered":"Cartells del projecte &#8220;Cuidem el planeta&#8221;, 4t"},"content":{"rendered":"<p>Els nens i les nenes de la classe de quart han fet uns cartells \u00a0amb missatges per cridar l&#8217;atenci\u00f3 sobre l&#8217;efecte de la contaminaci\u00f3 i el fet que no es canviin h\u00e0bits de conducta humans per preservar el planeta i la natura.<\/p>\n<p>Si voleu veure els cartells, cliqueu l&#8217;<a href=\"https:\/\/photos.app.goo.gl\/zVYTxhrF3LpwFGx79\">enlla\u00e7.<\/a><\/p>\n","protected":false},"excerpt":{"rendered":"<p>Els nens i les nenes de la classe de quart han fet uns cartells \u00a0amb missatges per cridar l&#8217;atenci\u00f3 sobre l&#8217;efecte de la contaminaci\u00f3 i el fet que no es canviin h\u00e0bits de conducta humans per preservar el planeta i la natura.<br \/>\nSi voleu veure els&hellip;  <a href=\"https:\/\/agora.xtec.cat\/ceipjoventutcallus\/cm\/cartells-del-projecte-cuidem-el-planeta-4t\/\" title=\"Read Cartells del projecte &#8220;Cuidem el planeta&#8221;, 4t\">Llegeix m\u00e9s\u00bb<\/a><\/p>\n","protected":false},"author":7,"featured_media":4270,"comment_status":"open","ping_status":"closed","sticky":false,"template":"","format":"standard","meta":{"_bbp_topic_count":0,"_bbp_reply_count":0,"_bbp_total_topic_count":0,"_bbp_total_reply_count":0,"_bbp_voice_count":0,"_bbp_anonymous_reply_count":0,"_bbp_topic_count_hidden":0,"_bbp_reply_count_hidden":0,"_bbp_forum_subforum_count":0,"footnotes":""},"categories":[62],"tags":[],"class_list":["post-4269","post","type-post","status-publish","format-standard","has-post-thumbnail","hentry","category-cm"],"post_mailing_queue_ids":[],"_links":{"self":[{"href":"https:\/\/agora.xtec.cat\/ceipjoventutcallus\/wp-json\/wp\/v2\/posts\/4269","targetHints":{"allow":["GET"]}}],"collection":[{"href":"https:\/\/agora.xtec.cat\/ceipjoventutcallus\/wp-json\/wp\/v2\/posts"}],"about":[{"href":"https:\/\/agora.xtec.cat\/ceipjoventutcallus\/wp-json\/wp\/v2\/types\/post"}],"author":[{"embeddable":true,"href":"https:\/\/agora.xtec.cat\/ceipjoventutcallus\/wp-json\/wp\/v2\/users\/7"}],"replies":[{"embeddable":true,"href":"https:\/\/agora.xtec.cat\/ceipjoventutcallus\/wp-json\/wp\/v2\/comments?post=4269"}],"version-history":[{"count":2,"href":"https:\/\/agora.xtec.cat\/ceipjoventutcallus\/wp-json\/wp\/v2\/posts\/4269\/revisions"}],"predecessor-version":[{"id":4272,"href":"https:\/\/agora.xtec.cat\/ceipjoventutcallus\/wp-json\/wp\/v2\/posts\/4269\/revisions\/4272"}],"wp:featuredmedia":[{"embeddable":true,"href":"https:\/\/agora.xtec.cat\/ceipjoventutcallus\/wp-json\/wp\/v2\/media\/4270"}],"wp:attachment":[{"href":"https:\/\/agora.xtec.cat\/ceipjoventutcallus\/wp-json\/wp\/v2\/media?parent=4269"}],"wp:term":[{"taxonomy":"category","embeddable":true,"href":"https:\/\/agora.xtec.cat\/ceipjoventutcallus\/wp-json\/wp\/v2\/categories?post=4269"},{"taxonomy":"post_tag","embeddable":true,"href":"https:\/\/agora.xtec.cat\/ceipjoventutcallus\/wp-json\/wp\/v2\/tags?post=4269"}],"curies":[{"name":"wp","href":"https:\/\/api.w.org\/{rel}","templated":true}]}}