{"id":4215,"date":"2021-12-14T23:20:45","date_gmt":"2021-12-14T22:20:45","guid":{"rendered":"https:\/\/agora.xtec.cat\/ceipjoventutcallus\/?p=4215"},"modified":"2021-12-14T23:41:53","modified_gmt":"2021-12-14T22:41:53","slug":"musica-a-2n-amb-kokoleoko","status":"publish","type":"post","link":"https:\/\/agora.xtec.cat\/ceipjoventutcallus\/ci\/musica-a-2n-amb-kokoleoko\/","title":{"rendered":"Musica a 2n. amb &#8216;Kokoleoko&#8217;"},"content":{"rendered":"<p>Voleu veure com els nens i nenes de segon seguim el ritme amb la can\u00e7\u00f3 <span class=\"style-scope yt-formatted-string\" dir=\"auto\">&#8220;Kokoleoko&#8221;?<br \/>\n<\/span><span class=\"style-scope yt-formatted-string\" dir=\"auto\">\u00c9s una can\u00e7\u00f3 tradicional de Ghana, un pais de l&#8217;oest d&#8217;\u00c0frica.<\/span><\/p>\n<p>Mireu <a href=\"https:\/\/photos.app.goo.gl\/1PVfp4Rmbs1V5tRv8\" target=\"_blank\" rel=\"noopener\">el v\u00eddeo i gaudiu<\/a>!<\/p>\n","protected":false},"excerpt":{"rendered":"<p>Voleu veure com els nens i nenes de segon seguim el ritme amb la can\u00e7\u00f3 &#8220;Kokoleoko&#8221;?<br \/>\n\u00c9s una can\u00e7\u00f3 tradicional de Ghana, un pais de l&#8217;oest d&#8217;\u00c0frica.<br \/>\nMireu <a href=\"https:\/\/photos.app.goo.gl\/1PVfp4Rmbs1V5tRv8\" target=\"_blank\" rel=\"noopener\">el v\u00eddeo i gaudiu<\/a>!<\/p>\n","protected":false},"author":6,"featured_media":4216,"comment_status":"closed","ping_status":"closed","sticky":false,"template":"","format":"standard","meta":{"_bbp_topic_count":0,"_bbp_reply_count":0,"_bbp_total_topic_count":0,"_bbp_total_reply_count":0,"_bbp_voice_count":0,"_bbp_anonymous_reply_count":0,"_bbp_topic_count_hidden":0,"_bbp_reply_count_hidden":0,"_bbp_forum_subforum_count":0,"footnotes":""},"categories":[61],"tags":[88],"class_list":["post-4215","post","type-post","status-publish","format-standard","has-post-thumbnail","hentry","category-ci","tag-musica"],"post_mailing_queue_ids":[],"_links":{"self":[{"href":"https:\/\/agora.xtec.cat\/ceipjoventutcallus\/wp-json\/wp\/v2\/posts\/4215","targetHints":{"allow":["GET"]}}],"collection":[{"href":"https:\/\/agora.xtec.cat\/ceipjoventutcallus\/wp-json\/wp\/v2\/posts"}],"about":[{"href":"https:\/\/agora.xtec.cat\/ceipjoventutcallus\/wp-json\/wp\/v2\/types\/post"}],"author":[{"embeddable":true,"href":"https:\/\/agora.xtec.cat\/ceipjoventutcallus\/wp-json\/wp\/v2\/users\/6"}],"replies":[{"embeddable":true,"href":"https:\/\/agora.xtec.cat\/ceipjoventutcallus\/wp-json\/wp\/v2\/comments?post=4215"}],"version-history":[{"count":2,"href":"https:\/\/agora.xtec.cat\/ceipjoventutcallus\/wp-json\/wp\/v2\/posts\/4215\/revisions"}],"predecessor-version":[{"id":4218,"href":"https:\/\/agora.xtec.cat\/ceipjoventutcallus\/wp-json\/wp\/v2\/posts\/4215\/revisions\/4218"}],"wp:featuredmedia":[{"embeddable":true,"href":"https:\/\/agora.xtec.cat\/ceipjoventutcallus\/wp-json\/wp\/v2\/media\/4216"}],"wp:attachment":[{"href":"https:\/\/agora.xtec.cat\/ceipjoventutcallus\/wp-json\/wp\/v2\/media?parent=4215"}],"wp:term":[{"taxonomy":"category","embeddable":true,"href":"https:\/\/agora.xtec.cat\/ceipjoventutcallus\/wp-json\/wp\/v2\/categories?post=4215"},{"taxonomy":"post_tag","embeddable":true,"href":"https:\/\/agora.xtec.cat\/ceipjoventutcallus\/wp-json\/wp\/v2\/tags?post=4215"}],"curies":[{"name":"wp","href":"https:\/\/api.w.org\/{rel}","templated":true}]}}