{"id":4183,"date":"2021-11-23T11:43:14","date_gmt":"2021-11-23T10:43:14","guid":{"rendered":"https:\/\/agora.xtec.cat\/ceipjoventutcallus\/?p=4183"},"modified":"2021-11-23T11:43:14","modified_gmt":"2021-11-23T10:43:14","slug":"sortida-al-parc-eolic","status":"publish","type":"post","link":"https:\/\/agora.xtec.cat\/ceipjoventutcallus\/cs\/sortida-al-parc-eolic\/","title":{"rendered":"Sortida al Parc e\u00f2lic"},"content":{"rendered":"<p>El passat divendres, 19 de novembre, els alumnes de cicle superior v\u00e0rem visitar el Parc e\u00f2lic de Rubi\u00f3 (Anoia). Aquesta sortida forma part del projecte d&#8217;escola <em>Salvem el nostre planeta. <\/em>Vam aprendre moltes coses dels molins de vent, de l&#8217;energia e\u00f2lica, dels tipus d&#8217;energies. Sobretot, a nivell de funcionament, v\u00e0rem aprendre com giren, com s&#8217;orienten i com s&#8217;adapten a les condicions meteorol\u00f2giques.<\/p>\n<p>A part de visitar el Parc de Rubi\u00f3, vam esmorzar i dinar al poble de Copons.<\/p>\n<p><a href=\"https:\/\/photos.app.goo.gl\/BGAo8RF5qnB3acRd7\"><img loading=\"lazy\" decoding=\"async\" class=\"alignnone  wp-image-4182\" src=\"https:\/\/agora.xtec.cat\/ceipjoventutcallus\/wp-content\/uploads\/usu1947\/2021\/11\/pagina_web_05-1024x668.jpg\" alt=\"\" width=\"488\" height=\"318\" srcset=\"https:\/\/agora.xtec.cat\/ceipjoventutcallus\/wp-content\/uploads\/usu1947\/2021\/11\/pagina_web_05-1024x668.jpg 1024w, https:\/\/agora.xtec.cat\/ceipjoventutcallus\/wp-content\/uploads\/usu1947\/2021\/11\/pagina_web_05-300x196.jpg 300w, https:\/\/agora.xtec.cat\/ceipjoventutcallus\/wp-content\/uploads\/usu1947\/2021\/11\/pagina_web_05-768x501.jpg 768w, https:\/\/agora.xtec.cat\/ceipjoventutcallus\/wp-content\/uploads\/usu1947\/2021\/11\/pagina_web_05.jpg 1241w\" sizes=\"auto, (max-width: 488px) 100vw, 488px\" \/><\/a><\/p>\n","protected":false},"excerpt":{"rendered":"<p>El passat divendres, 19 de novembre, els alumnes de cicle superior v\u00e0rem visitar el Parc e\u00f2lic de Rubi\u00f3 (Anoia). Aquesta sortida forma part del projecte d&#8217;escola Salvem el nostre planeta. Vam aprendre moltes coses dels molins de vent, de l&#8217;energia e\u00f2lica, dels tipus d&#8217;energies. Sobretot,&hellip;  <a href=\"https:\/\/agora.xtec.cat\/ceipjoventutcallus\/cs\/sortida-al-parc-eolic\/\" title=\"Read Sortida al Parc e\u00f2lic\">Llegeix m\u00e9s\u00bb<\/a><\/p>\n","protected":false},"author":9,"featured_media":0,"comment_status":"closed","ping_status":"closed","sticky":false,"template":"","format":"standard","meta":{"_bbp_topic_count":0,"_bbp_reply_count":0,"_bbp_total_topic_count":0,"_bbp_total_reply_count":0,"_bbp_voice_count":0,"_bbp_anonymous_reply_count":0,"_bbp_topic_count_hidden":0,"_bbp_reply_count_hidden":0,"_bbp_forum_subforum_count":0,"footnotes":""},"categories":[63],"tags":[],"class_list":["post-4183","post","type-post","status-publish","format-standard","hentry","category-cs"],"post_mailing_queue_ids":[],"_links":{"self":[{"href":"https:\/\/agora.xtec.cat\/ceipjoventutcallus\/wp-json\/wp\/v2\/posts\/4183","targetHints":{"allow":["GET"]}}],"collection":[{"href":"https:\/\/agora.xtec.cat\/ceipjoventutcallus\/wp-json\/wp\/v2\/posts"}],"about":[{"href":"https:\/\/agora.xtec.cat\/ceipjoventutcallus\/wp-json\/wp\/v2\/types\/post"}],"author":[{"embeddable":true,"href":"https:\/\/agora.xtec.cat\/ceipjoventutcallus\/wp-json\/wp\/v2\/users\/9"}],"replies":[{"embeddable":true,"href":"https:\/\/agora.xtec.cat\/ceipjoventutcallus\/wp-json\/wp\/v2\/comments?post=4183"}],"version-history":[{"count":1,"href":"https:\/\/agora.xtec.cat\/ceipjoventutcallus\/wp-json\/wp\/v2\/posts\/4183\/revisions"}],"predecessor-version":[{"id":4184,"href":"https:\/\/agora.xtec.cat\/ceipjoventutcallus\/wp-json\/wp\/v2\/posts\/4183\/revisions\/4184"}],"wp:attachment":[{"href":"https:\/\/agora.xtec.cat\/ceipjoventutcallus\/wp-json\/wp\/v2\/media?parent=4183"}],"wp:term":[{"taxonomy":"category","embeddable":true,"href":"https:\/\/agora.xtec.cat\/ceipjoventutcallus\/wp-json\/wp\/v2\/categories?post=4183"},{"taxonomy":"post_tag","embeddable":true,"href":"https:\/\/agora.xtec.cat\/ceipjoventutcallus\/wp-json\/wp\/v2\/tags?post=4183"}],"curies":[{"name":"wp","href":"https:\/\/api.w.org\/{rel}","templated":true}]}}