{"id":4166,"date":"2021-11-17T18:22:52","date_gmt":"2021-11-17T17:22:52","guid":{"rendered":"https:\/\/agora.xtec.cat\/ceipjoventutcallus\/?p=4166"},"modified":"2021-11-17T18:23:02","modified_gmt":"2021-11-17T17:23:02","slug":"conferencia-artau-el-rovello","status":"publish","type":"post","link":"https:\/\/agora.xtec.cat\/ceipjoventutcallus\/cm\/conferencia-artau-el-rovello\/","title":{"rendered":"Confer\u00e8ncia Artau &#8220;El rovell\u00f3&#8221;"},"content":{"rendered":"<p>El dimecres dia 17 de novembre de 2021, n&#8217;Artau ens ha fet la seva confer\u00e8ncia sobre el rovell\u00f3, un fong delici\u00f3s. Ens ha explicat moltes coses interessants sobre aquest \u00e9sser viu i ens n&#8217;ha ensenyat una petita cistella amb uns quants bolets. Moltes gr\u00e0cies, Artau!!<\/p>\n<p>Si voleu les imatges, cliqueu <a href=\"https:\/\/photos.app.goo.gl\/EDz7rCqdGzhtN4te9\">aqu\u00ed.<\/a><\/p>\n","protected":false},"excerpt":{"rendered":"<p>El dimecres dia 17 de novembre de 2021, n&#8217;Artau ens ha fet la seva confer\u00e8ncia sobre el rovell\u00f3, un fong delici\u00f3s. Ens ha explicat moltes coses interessants sobre aquest \u00e9sser viu i ens n&#8217;ha ensenyat una petita cistella amb uns quants bolets. Moltes gr\u00e0cies, Artau!!<br \/>\nSi&hellip;  <a href=\"https:\/\/agora.xtec.cat\/ceipjoventutcallus\/cm\/conferencia-artau-el-rovello\/\" title=\"Read Confer\u00e8ncia Artau &#8220;El rovell\u00f3&#8221;\">Llegeix m\u00e9s\u00bb<\/a><\/p>\n","protected":false},"author":7,"featured_media":4167,"comment_status":"open","ping_status":"closed","sticky":false,"template":"","format":"standard","meta":{"_bbp_topic_count":0,"_bbp_reply_count":0,"_bbp_total_topic_count":0,"_bbp_total_reply_count":0,"_bbp_voice_count":0,"_bbp_anonymous_reply_count":0,"_bbp_topic_count_hidden":0,"_bbp_reply_count_hidden":0,"_bbp_forum_subforum_count":0,"footnotes":""},"categories":[62],"tags":[],"class_list":["post-4166","post","type-post","status-publish","format-standard","has-post-thumbnail","hentry","category-cm"],"post_mailing_queue_ids":[],"_links":{"self":[{"href":"https:\/\/agora.xtec.cat\/ceipjoventutcallus\/wp-json\/wp\/v2\/posts\/4166","targetHints":{"allow":["GET"]}}],"collection":[{"href":"https:\/\/agora.xtec.cat\/ceipjoventutcallus\/wp-json\/wp\/v2\/posts"}],"about":[{"href":"https:\/\/agora.xtec.cat\/ceipjoventutcallus\/wp-json\/wp\/v2\/types\/post"}],"author":[{"embeddable":true,"href":"https:\/\/agora.xtec.cat\/ceipjoventutcallus\/wp-json\/wp\/v2\/users\/7"}],"replies":[{"embeddable":true,"href":"https:\/\/agora.xtec.cat\/ceipjoventutcallus\/wp-json\/wp\/v2\/comments?post=4166"}],"version-history":[{"count":1,"href":"https:\/\/agora.xtec.cat\/ceipjoventutcallus\/wp-json\/wp\/v2\/posts\/4166\/revisions"}],"predecessor-version":[{"id":4168,"href":"https:\/\/agora.xtec.cat\/ceipjoventutcallus\/wp-json\/wp\/v2\/posts\/4166\/revisions\/4168"}],"wp:featuredmedia":[{"embeddable":true,"href":"https:\/\/agora.xtec.cat\/ceipjoventutcallus\/wp-json\/wp\/v2\/media\/4167"}],"wp:attachment":[{"href":"https:\/\/agora.xtec.cat\/ceipjoventutcallus\/wp-json\/wp\/v2\/media?parent=4166"}],"wp:term":[{"taxonomy":"category","embeddable":true,"href":"https:\/\/agora.xtec.cat\/ceipjoventutcallus\/wp-json\/wp\/v2\/categories?post=4166"},{"taxonomy":"post_tag","embeddable":true,"href":"https:\/\/agora.xtec.cat\/ceipjoventutcallus\/wp-json\/wp\/v2\/tags?post=4166"}],"curies":[{"name":"wp","href":"https:\/\/api.w.org\/{rel}","templated":true}]}}