{"id":4067,"date":"2021-10-15T17:19:10","date_gmt":"2021-10-15T15:19:10","guid":{"rendered":"https:\/\/agora.xtec.cat\/ceipjoventutcallus\/?p=4067"},"modified":"2021-10-27T12:02:59","modified_gmt":"2021-10-27T10:02:59","slug":"conferencia-bruna-de-4t-el-pi-blanc","status":"publish","type":"post","link":"https:\/\/agora.xtec.cat\/ceipjoventutcallus\/cm\/conferencia-bruna-de-4t-el-pi-blanc\/","title":{"rendered":"Confer\u00e8ncia Bruna de 4t: EL PI BLANC"},"content":{"rendered":"<p>El divendres dia 15 d&#8217;octubre, la Bruna de quart, ens ha fet la confer\u00e8ncia sobre el pi blanc. Aquest curs les confer\u00e8ncies de cicle mitj\u00e0 estan relacionades amb els essers vius. Hem comen\u00e7at amb una planta tan del norte paisatge com \u00e9s el PI BLANC. Moltes gr\u00e0cies Bruna, hem apr\u00e8s moltes coses!<\/p>\n<p>Si voleu veure les imatges de la confer\u00e8ncia, cliqueu <a href=\"https:\/\/photos.app.goo.gl\/d1FLqN5F5TC8WbM96\">aqu\u00ed.<\/a><\/p>\n","protected":false},"excerpt":{"rendered":"<p>El divendres dia 15 d&#8217;octubre, la Bruna de quart, ens ha fet la confer\u00e8ncia sobre el pi blanc. Aquest curs les confer\u00e8ncies de cicle mitj\u00e0 estan relacionades amb els essers vius. Hem comen\u00e7at amb una planta tan del norte paisatge com \u00e9s el PI BLANC.&hellip;  <a href=\"https:\/\/agora.xtec.cat\/ceipjoventutcallus\/cm\/conferencia-bruna-de-4t-el-pi-blanc\/\" title=\"Read Confer\u00e8ncia Bruna de 4t: EL PI BLANC\">Llegeix m\u00e9s\u00bb<\/a><\/p>\n","protected":false},"author":7,"featured_media":4068,"comment_status":"closed","ping_status":"closed","sticky":false,"template":"","format":"standard","meta":{"_bbp_topic_count":0,"_bbp_reply_count":0,"_bbp_total_topic_count":0,"_bbp_total_reply_count":0,"_bbp_voice_count":0,"_bbp_anonymous_reply_count":0,"_bbp_topic_count_hidden":0,"_bbp_reply_count_hidden":0,"_bbp_forum_subforum_count":0,"footnotes":""},"categories":[62],"tags":[],"class_list":["post-4067","post","type-post","status-publish","format-standard","has-post-thumbnail","hentry","category-cm"],"post_mailing_queue_ids":[],"_links":{"self":[{"href":"https:\/\/agora.xtec.cat\/ceipjoventutcallus\/wp-json\/wp\/v2\/posts\/4067","targetHints":{"allow":["GET"]}}],"collection":[{"href":"https:\/\/agora.xtec.cat\/ceipjoventutcallus\/wp-json\/wp\/v2\/posts"}],"about":[{"href":"https:\/\/agora.xtec.cat\/ceipjoventutcallus\/wp-json\/wp\/v2\/types\/post"}],"author":[{"embeddable":true,"href":"https:\/\/agora.xtec.cat\/ceipjoventutcallus\/wp-json\/wp\/v2\/users\/7"}],"replies":[{"embeddable":true,"href":"https:\/\/agora.xtec.cat\/ceipjoventutcallus\/wp-json\/wp\/v2\/comments?post=4067"}],"version-history":[{"count":1,"href":"https:\/\/agora.xtec.cat\/ceipjoventutcallus\/wp-json\/wp\/v2\/posts\/4067\/revisions"}],"predecessor-version":[{"id":4069,"href":"https:\/\/agora.xtec.cat\/ceipjoventutcallus\/wp-json\/wp\/v2\/posts\/4067\/revisions\/4069"}],"wp:featuredmedia":[{"embeddable":true,"href":"https:\/\/agora.xtec.cat\/ceipjoventutcallus\/wp-json\/wp\/v2\/media\/4068"}],"wp:attachment":[{"href":"https:\/\/agora.xtec.cat\/ceipjoventutcallus\/wp-json\/wp\/v2\/media?parent=4067"}],"wp:term":[{"taxonomy":"category","embeddable":true,"href":"https:\/\/agora.xtec.cat\/ceipjoventutcallus\/wp-json\/wp\/v2\/categories?post=4067"},{"taxonomy":"post_tag","embeddable":true,"href":"https:\/\/agora.xtec.cat\/ceipjoventutcallus\/wp-json\/wp\/v2\/tags?post=4067"}],"curies":[{"name":"wp","href":"https:\/\/api.w.org\/{rel}","templated":true}]}}