{"id":4046,"date":"2021-11-05T10:09:53","date_gmt":"2021-11-05T09:09:53","guid":{"rendered":"https:\/\/agora.xtec.cat\/ceipjoventutcallus\/?p=4046"},"modified":"2021-11-05T10:09:53","modified_gmt":"2021-11-05T09:09:53","slug":"p4-experiment-el-volca","status":"publish","type":"post","link":"https:\/\/agora.xtec.cat\/ceipjoventutcallus\/infantil\/p4-experiment-el-volca\/","title":{"rendered":"P4 &#8211; EXPERIMENT: EL VOLC\u00c0"},"content":{"rendered":"<p>FA UNES SETMANES, ELS NENS I NENES DE P4 VAM FER L&#8217;<strong>EXPERIMENT DEL VOLC\u00c0<\/strong>, PERQU\u00c8 UN DIA, EN EL MOMENT DE LA CONVERSA, VA SORTIR EL TEMA DE L&#8217;ERUPCI\u00d3 DEL VOLC\u00c0 QUE EST\u00c0 PASSANT A LA PALMA.<\/p>\n<p>CLIQUEU SOBRE LES FOTOS PER PODER VEURE EL V\u00cdDEO ON EXPLIQUEM QU\u00c8 ES NECESSITA, EL PROCEDIMENT I EL RESULTAT, AIX\u00cd EL PODREU FER A CASA.<\/p>\n<p><a href=\"https:\/\/photos.app.goo.gl\/DK8Gprp6Qeu8vSz16\"><img loading=\"lazy\" decoding=\"async\" class=\"size-medium wp-image-4065 aligncenter\" src=\"https:\/\/agora.xtec.cat\/ceipjoventutcallus\/wp-content\/uploads\/usu1947\/2021\/10\/Collage_20211014_135151-300x225.jpg\" alt=\"\" width=\"300\" height=\"225\" srcset=\"https:\/\/agora.xtec.cat\/ceipjoventutcallus\/wp-content\/uploads\/usu1947\/2021\/10\/Collage_20211014_135151-300x225.jpg 300w, https:\/\/agora.xtec.cat\/ceipjoventutcallus\/wp-content\/uploads\/usu1947\/2021\/10\/Collage_20211014_135151-1024x768.jpg 1024w, https:\/\/agora.xtec.cat\/ceipjoventutcallus\/wp-content\/uploads\/usu1947\/2021\/10\/Collage_20211014_135151-768x576.jpg 768w, https:\/\/agora.xtec.cat\/ceipjoventutcallus\/wp-content\/uploads\/usu1947\/2021\/10\/Collage_20211014_135151-200x150.jpg 200w, https:\/\/agora.xtec.cat\/ceipjoventutcallus\/wp-content\/uploads\/usu1947\/2021\/10\/Collage_20211014_135151.jpg 1440w\" sizes=\"auto, (max-width: 300px) 100vw, 300px\" \/><\/a><\/p>\n<p style=\"text-align: right;\"><code>ENS AGRADA FER EXPERIMENTS!!!<\/code><\/p>\n","protected":false},"excerpt":{"rendered":"<p>FA UNES SETMANES, ELS NENS I NENES DE P4 VAM FER L&#8217;EXPERIMENT DEL VOLC\u00c0, PERQU\u00c8 UN DIA, EN EL MOMENT DE LA CONVERSA, VA SORTIR EL TEMA DE L&#8217;ERUPCI\u00d3 DEL VOLC\u00c0 QUE EST\u00c0 PASSANT A LA PALMA.<br \/>\nCLIQUEU SOBRE LES FOTOS PER PODER VEURE EL V\u00cdDEO&hellip;  <a href=\"https:\/\/agora.xtec.cat\/ceipjoventutcallus\/infantil\/p4-experiment-el-volca\/\" title=\"Read P4 &#8211; EXPERIMENT: EL VOLC\u00c0\">Llegeix m\u00e9s\u00bb<\/a><\/p>\n","protected":false},"author":5,"featured_media":0,"comment_status":"closed","ping_status":"closed","sticky":false,"template":"","format":"standard","meta":{"_bbp_topic_count":0,"_bbp_reply_count":0,"_bbp_total_topic_count":0,"_bbp_total_reply_count":0,"_bbp_voice_count":0,"_bbp_anonymous_reply_count":0,"_bbp_topic_count_hidden":0,"_bbp_reply_count_hidden":0,"_bbp_forum_subforum_count":0,"footnotes":""},"categories":[2],"tags":[84,78],"class_list":["post-4046","post","type-post","status-publish","format-standard","hentry","category-infantil","tag-experiments","tag-p4"],"post_mailing_queue_ids":[],"_links":{"self":[{"href":"https:\/\/agora.xtec.cat\/ceipjoventutcallus\/wp-json\/wp\/v2\/posts\/4046","targetHints":{"allow":["GET"]}}],"collection":[{"href":"https:\/\/agora.xtec.cat\/ceipjoventutcallus\/wp-json\/wp\/v2\/posts"}],"about":[{"href":"https:\/\/agora.xtec.cat\/ceipjoventutcallus\/wp-json\/wp\/v2\/types\/post"}],"author":[{"embeddable":true,"href":"https:\/\/agora.xtec.cat\/ceipjoventutcallus\/wp-json\/wp\/v2\/users\/5"}],"replies":[{"embeddable":true,"href":"https:\/\/agora.xtec.cat\/ceipjoventutcallus\/wp-json\/wp\/v2\/comments?post=4046"}],"version-history":[{"count":3,"href":"https:\/\/agora.xtec.cat\/ceipjoventutcallus\/wp-json\/wp\/v2\/posts\/4046\/revisions"}],"predecessor-version":[{"id":4155,"href":"https:\/\/agora.xtec.cat\/ceipjoventutcallus\/wp-json\/wp\/v2\/posts\/4046\/revisions\/4155"}],"wp:attachment":[{"href":"https:\/\/agora.xtec.cat\/ceipjoventutcallus\/wp-json\/wp\/v2\/media?parent=4046"}],"wp:term":[{"taxonomy":"category","embeddable":true,"href":"https:\/\/agora.xtec.cat\/ceipjoventutcallus\/wp-json\/wp\/v2\/categories?post=4046"},{"taxonomy":"post_tag","embeddable":true,"href":"https:\/\/agora.xtec.cat\/ceipjoventutcallus\/wp-json\/wp\/v2\/tags?post=4046"}],"curies":[{"name":"wp","href":"https:\/\/api.w.org\/{rel}","templated":true}]}}