{"id":3910,"date":"2021-06-30T12:44:42","date_gmt":"2021-06-30T10:44:42","guid":{"rendered":"https:\/\/agora.xtec.cat\/ceipjoventutcallus\/?p=3910"},"modified":"2021-06-30T12:49:35","modified_gmt":"2021-06-30T10:49:35","slug":"presentacio-de-la-festa-de-final-de-curs","status":"publish","type":"post","link":"https:\/\/agora.xtec.cat\/ceipjoventutcallus\/ci\/presentacio-de-la-festa-de-final-de-curs\/","title":{"rendered":"PRESENTACI\u00d3 DE LA FESTA DE FINAL DE CURS"},"content":{"rendered":"<p>L&#8217;alumnat de cicle inicial i cicle mitj\u00e0 vam ser els encarregats de dur a terme la presentaci\u00f3 dels actes i les activitats que realitzar\u00edem a l&#8217;\u00faltim dia del curs.<\/p>\n<p>Aqu\u00ed les teniu, podeu veure-les en el seg\u00fcent enlla\u00e7. Cliqueu <a href=\"https:\/\/photos.app.goo.gl\/97dJXo9nwb6g8D7N6\">aqu\u00ed.<\/a><\/p>\n<p><img loading=\"lazy\" decoding=\"async\" class=\"alignnone\" src=\"https:\/\/lh3.googleusercontent.com\/pw\/AM-JKLUYCL-13JE0LTwu49GwEVv7iYDstaGsXDNcw8g03_cXcplfyTFIR-gQlYYcMzX9xd4cc3lvSwZ1WCn752l4lmR9bcfAmzH1ItlFGvg0w-5P9iscG1M1FqK8KMUugcPCYP542H3REPhyyKW67tnC-MiAXg=w876-h657-no?authuser=1\" alt=\"\" width=\"876\" height=\"657\" \/><\/p>\n","protected":false},"excerpt":{"rendered":"<p>L&#8217;alumnat de cicle inicial i cicle mitj\u00e0 vam ser els encarregats de dur a terme la presentaci\u00f3 dels actes i les activitats que realitzar\u00edem a l&#8217;\u00faltim dia del curs.<br \/>\nAqu\u00ed les teniu, podeu veure-les en el seg\u00fcent enlla\u00e7. Cliqueu <a href=\"https:\/\/photos.app.goo.gl\/97dJXo9nwb6g8D7N6\">aqu\u00ed.<\/a><\/p>\n","protected":false},"author":6,"featured_media":0,"comment_status":"open","ping_status":"closed","sticky":false,"template":"","format":"standard","meta":{"_bbp_topic_count":0,"_bbp_reply_count":0,"_bbp_total_topic_count":0,"_bbp_total_reply_count":0,"_bbp_voice_count":0,"_bbp_anonymous_reply_count":0,"_bbp_topic_count_hidden":0,"_bbp_reply_count_hidden":0,"_bbp_forum_subforum_count":0,"footnotes":""},"categories":[61,62],"tags":[],"class_list":["post-3910","post","type-post","status-publish","format-standard","hentry","category-ci","category-cm"],"post_mailing_queue_ids":[],"_links":{"self":[{"href":"https:\/\/agora.xtec.cat\/ceipjoventutcallus\/wp-json\/wp\/v2\/posts\/3910","targetHints":{"allow":["GET"]}}],"collection":[{"href":"https:\/\/agora.xtec.cat\/ceipjoventutcallus\/wp-json\/wp\/v2\/posts"}],"about":[{"href":"https:\/\/agora.xtec.cat\/ceipjoventutcallus\/wp-json\/wp\/v2\/types\/post"}],"author":[{"embeddable":true,"href":"https:\/\/agora.xtec.cat\/ceipjoventutcallus\/wp-json\/wp\/v2\/users\/6"}],"replies":[{"embeddable":true,"href":"https:\/\/agora.xtec.cat\/ceipjoventutcallus\/wp-json\/wp\/v2\/comments?post=3910"}],"version-history":[{"count":3,"href":"https:\/\/agora.xtec.cat\/ceipjoventutcallus\/wp-json\/wp\/v2\/posts\/3910\/revisions"}],"predecessor-version":[{"id":3914,"href":"https:\/\/agora.xtec.cat\/ceipjoventutcallus\/wp-json\/wp\/v2\/posts\/3910\/revisions\/3914"}],"wp:attachment":[{"href":"https:\/\/agora.xtec.cat\/ceipjoventutcallus\/wp-json\/wp\/v2\/media?parent=3910"}],"wp:term":[{"taxonomy":"category","embeddable":true,"href":"https:\/\/agora.xtec.cat\/ceipjoventutcallus\/wp-json\/wp\/v2\/categories?post=3910"},{"taxonomy":"post_tag","embeddable":true,"href":"https:\/\/agora.xtec.cat\/ceipjoventutcallus\/wp-json\/wp\/v2\/tags?post=3910"}],"curies":[{"name":"wp","href":"https:\/\/api.w.org\/{rel}","templated":true}]}}