{"id":3899,"date":"2021-06-17T15:33:16","date_gmt":"2021-06-17T13:33:16","guid":{"rendered":"https:\/\/agora.xtec.cat\/ceipjoventutcallus\/?p=3899"},"modified":"2021-06-17T15:33:16","modified_gmt":"2021-06-17T13:33:16","slug":"kahoot-avaluacio-lectura-la-capitana-dofi","status":"publish","type":"post","link":"https:\/\/agora.xtec.cat\/ceipjoventutcallus\/cs\/kahoot-avaluacio-lectura-la-capitana-dofi\/","title":{"rendered":"Kahoot avaluaci\u00f3 lectura &#8220;LA CAPITANA DOF\u00cd&#8221;"},"content":{"rendered":"<p>El 28 de Maig vam realitzar un kahoot tots els alumnes de sis\u00e8 per avaluar la comprensi\u00f3 lectora del llibre La capitana Dof\u00ed.<\/p>\n<p>&nbsp;<\/p>\n<p>Cliqueu l&#8217;enlla\u00e7 perveure les fotos:<\/p>\n<p><a href=\"https:\/\/photos.app.goo.gl\/o3pLTEmTMTKcFEzU7\">https:\/\/photos.app.goo.gl\/o3pLTEmTMTKcFEzU7<\/a><\/p>\n","protected":false},"excerpt":{"rendered":"<p>El 28 de Maig vam realitzar un kahoot tots els alumnes de sis\u00e8 per avaluar la comprensi\u00f3 lectora del llibre La capitana Dof\u00ed.<br \/>\n&nbsp;<br \/>\nCliqueu l&#8217;enlla\u00e7 perveure les fotos:<br \/>\n<a href=\"https:\/\/photos.app.goo.gl\/o3pLTEmTMTKcFEzU7\">https:\/\/photos.app.goo.gl\/o3pLTEmTMTKcFEzU7<\/a><\/p>\n","protected":false},"author":9,"featured_media":0,"comment_status":"closed","ping_status":"closed","sticky":false,"template":"","format":"standard","meta":{"_bbp_topic_count":0,"_bbp_reply_count":0,"_bbp_total_topic_count":0,"_bbp_total_reply_count":0,"_bbp_voice_count":0,"_bbp_anonymous_reply_count":0,"_bbp_topic_count_hidden":0,"_bbp_reply_count_hidden":0,"_bbp_forum_subforum_count":0,"footnotes":""},"categories":[63],"tags":[],"class_list":["post-3899","post","type-post","status-publish","format-standard","hentry","category-cs"],"post_mailing_queue_ids":[],"_links":{"self":[{"href":"https:\/\/agora.xtec.cat\/ceipjoventutcallus\/wp-json\/wp\/v2\/posts\/3899","targetHints":{"allow":["GET"]}}],"collection":[{"href":"https:\/\/agora.xtec.cat\/ceipjoventutcallus\/wp-json\/wp\/v2\/posts"}],"about":[{"href":"https:\/\/agora.xtec.cat\/ceipjoventutcallus\/wp-json\/wp\/v2\/types\/post"}],"author":[{"embeddable":true,"href":"https:\/\/agora.xtec.cat\/ceipjoventutcallus\/wp-json\/wp\/v2\/users\/9"}],"replies":[{"embeddable":true,"href":"https:\/\/agora.xtec.cat\/ceipjoventutcallus\/wp-json\/wp\/v2\/comments?post=3899"}],"version-history":[{"count":1,"href":"https:\/\/agora.xtec.cat\/ceipjoventutcallus\/wp-json\/wp\/v2\/posts\/3899\/revisions"}],"predecessor-version":[{"id":3900,"href":"https:\/\/agora.xtec.cat\/ceipjoventutcallus\/wp-json\/wp\/v2\/posts\/3899\/revisions\/3900"}],"wp:attachment":[{"href":"https:\/\/agora.xtec.cat\/ceipjoventutcallus\/wp-json\/wp\/v2\/media?parent=3899"}],"wp:term":[{"taxonomy":"category","embeddable":true,"href":"https:\/\/agora.xtec.cat\/ceipjoventutcallus\/wp-json\/wp\/v2\/categories?post=3899"},{"taxonomy":"post_tag","embeddable":true,"href":"https:\/\/agora.xtec.cat\/ceipjoventutcallus\/wp-json\/wp\/v2\/tags?post=3899"}],"curies":[{"name":"wp","href":"https:\/\/api.w.org\/{rel}","templated":true}]}}