{"id":3897,"date":"2021-06-17T15:27:26","date_gmt":"2021-06-17T13:27:26","guid":{"rendered":"https:\/\/agora.xtec.cat\/ceipjoventutcallus\/?p=3897"},"modified":"2021-06-17T15:27:26","modified_gmt":"2021-06-17T13:27:26","slug":"cantania-virtual-2021","status":"publish","type":"post","link":"https:\/\/agora.xtec.cat\/ceipjoventutcallus\/cs\/cantania-virtual-2021\/","title":{"rendered":"Cant\u00e0nia Virtual 2021"},"content":{"rendered":"<p>Ahir els alumnes de sis\u00e8 van representar una mostra de les can\u00e7ons de la cant\u00e0nia d&#8217;aquest curs. A l&#8217;actuaci\u00f3 hi van assistir els alumnes de primer a cinqu\u00e8. Tots vam disfrutar molt tot i haver de cantar amb mascaretes i respectant totes les mesures de seguretat.<\/p>\n<p>Cliqueu elseg\u00fcent enlla\u00e7 per veure les fotos:<\/p>\n<p><a href=\"https:\/\/photos.app.goo.gl\/emRwBLQdJRH6F2H9A\">https:\/\/photos.app.goo.gl\/emRwBLQdJRH6F2H9A<\/a><\/p>\n","protected":false},"excerpt":{"rendered":"<p>Ahir els alumnes de sis\u00e8 van representar una mostra de les can\u00e7ons de la cant\u00e0nia d&#8217;aquest curs. A l&#8217;actuaci\u00f3 hi van assistir els alumnes de primer a cinqu\u00e8. Tots vam disfrutar molt tot i haver de cantar amb mascaretes i respectant totes les mesures de&hellip;  <a href=\"https:\/\/agora.xtec.cat\/ceipjoventutcallus\/cs\/cantania-virtual-2021\/\" title=\"Read Cant\u00e0nia Virtual 2021\">Llegeix m\u00e9s\u00bb<\/a><\/p>\n","protected":false},"author":9,"featured_media":0,"comment_status":"closed","ping_status":"closed","sticky":false,"template":"","format":"standard","meta":{"_bbp_topic_count":0,"_bbp_reply_count":0,"_bbp_total_topic_count":0,"_bbp_total_reply_count":0,"_bbp_voice_count":0,"_bbp_anonymous_reply_count":0,"_bbp_topic_count_hidden":0,"_bbp_reply_count_hidden":0,"_bbp_forum_subforum_count":0,"footnotes":""},"categories":[63],"tags":[],"class_list":["post-3897","post","type-post","status-publish","format-standard","hentry","category-cs"],"post_mailing_queue_ids":[],"_links":{"self":[{"href":"https:\/\/agora.xtec.cat\/ceipjoventutcallus\/wp-json\/wp\/v2\/posts\/3897","targetHints":{"allow":["GET"]}}],"collection":[{"href":"https:\/\/agora.xtec.cat\/ceipjoventutcallus\/wp-json\/wp\/v2\/posts"}],"about":[{"href":"https:\/\/agora.xtec.cat\/ceipjoventutcallus\/wp-json\/wp\/v2\/types\/post"}],"author":[{"embeddable":true,"href":"https:\/\/agora.xtec.cat\/ceipjoventutcallus\/wp-json\/wp\/v2\/users\/9"}],"replies":[{"embeddable":true,"href":"https:\/\/agora.xtec.cat\/ceipjoventutcallus\/wp-json\/wp\/v2\/comments?post=3897"}],"version-history":[{"count":1,"href":"https:\/\/agora.xtec.cat\/ceipjoventutcallus\/wp-json\/wp\/v2\/posts\/3897\/revisions"}],"predecessor-version":[{"id":3898,"href":"https:\/\/agora.xtec.cat\/ceipjoventutcallus\/wp-json\/wp\/v2\/posts\/3897\/revisions\/3898"}],"wp:attachment":[{"href":"https:\/\/agora.xtec.cat\/ceipjoventutcallus\/wp-json\/wp\/v2\/media?parent=3897"}],"wp:term":[{"taxonomy":"category","embeddable":true,"href":"https:\/\/agora.xtec.cat\/ceipjoventutcallus\/wp-json\/wp\/v2\/categories?post=3897"},{"taxonomy":"post_tag","embeddable":true,"href":"https:\/\/agora.xtec.cat\/ceipjoventutcallus\/wp-json\/wp\/v2\/tags?post=3897"}],"curies":[{"name":"wp","href":"https:\/\/api.w.org\/{rel}","templated":true}]}}