{"id":3833,"date":"2021-05-30T13:10:57","date_gmt":"2021-05-30T11:10:57","guid":{"rendered":"https:\/\/agora.xtec.cat\/ceipjoventutcallus\/?p=3833"},"modified":"2021-05-30T13:10:57","modified_gmt":"2021-05-30T11:10:57","slug":"lentorn-natural-i-social-de-catalunya","status":"publish","type":"post","link":"https:\/\/agora.xtec.cat\/ceipjoventutcallus\/cs\/lentorn-natural-i-social-de-catalunya\/","title":{"rendered":"L&#8217;entorn natural i social de Catalunya"},"content":{"rendered":"<p>Per comen\u00e7ar el projecte de l&#8217;entorn social i natural de Catalunya hem fet un treball d&#8217;investigaci\u00f3 de ciutats que s\u00f3n capital de comarca a partir de can\u00e7ons molt variades. En alguns casos hem hagut d&#8217;investigar sobre una zona m\u00e9s \u00e0mplia que una poblaci\u00f3 i una comarca.<\/p>\n<p>Ha estat molt divertit comen\u00e7ar a parlar de les comarques acompanyats de la m\u00fasica.<\/p>\n<p><a href=\"https:\/\/photos.app.goo.gl\/L4dT1JLvLAavJbkM7\"><img loading=\"lazy\" decoding=\"async\" class=\"alignnone size-full wp-image-3819\" src=\"https:\/\/agora.xtec.cat\/ceipjoventutcallus\/wp-content\/uploads\/usu1947\/2021\/05\/12_Intro_Catalunya.jpg\" alt=\"\" width=\"964\" height=\"634\" srcset=\"https:\/\/agora.xtec.cat\/ceipjoventutcallus\/wp-content\/uploads\/usu1947\/2021\/05\/12_Intro_Catalunya.jpg 964w, https:\/\/agora.xtec.cat\/ceipjoventutcallus\/wp-content\/uploads\/usu1947\/2021\/05\/12_Intro_Catalunya-300x197.jpg 300w, https:\/\/agora.xtec.cat\/ceipjoventutcallus\/wp-content\/uploads\/usu1947\/2021\/05\/12_Intro_Catalunya-768x505.jpg 768w\" sizes=\"auto, (max-width: 964px) 100vw, 964px\" \/><\/a><\/p>\n","protected":false},"excerpt":{"rendered":"<p>Per comen\u00e7ar el projecte de l&#8217;entorn social i natural de Catalunya hem fet un treball d&#8217;investigaci\u00f3 de ciutats que s\u00f3n capital de comarca a partir de can\u00e7ons molt variades. En alguns casos hem hagut d&#8217;investigar sobre una zona m\u00e9s \u00e0mplia que una poblaci\u00f3 i una&hellip;  <a href=\"https:\/\/agora.xtec.cat\/ceipjoventutcallus\/cs\/lentorn-natural-i-social-de-catalunya\/\" title=\"Read L&#8217;entorn natural i social de Catalunya\">Llegeix m\u00e9s\u00bb<\/a><\/p>\n","protected":false},"author":9,"featured_media":0,"comment_status":"open","ping_status":"closed","sticky":false,"template":"","format":"standard","meta":{"_bbp_topic_count":0,"_bbp_reply_count":0,"_bbp_total_topic_count":0,"_bbp_total_reply_count":0,"_bbp_voice_count":0,"_bbp_anonymous_reply_count":0,"_bbp_topic_count_hidden":0,"_bbp_reply_count_hidden":0,"_bbp_forum_subforum_count":0,"footnotes":""},"categories":[63],"tags":[],"class_list":["post-3833","post","type-post","status-publish","format-standard","hentry","category-cs"],"post_mailing_queue_ids":[],"_links":{"self":[{"href":"https:\/\/agora.xtec.cat\/ceipjoventutcallus\/wp-json\/wp\/v2\/posts\/3833","targetHints":{"allow":["GET"]}}],"collection":[{"href":"https:\/\/agora.xtec.cat\/ceipjoventutcallus\/wp-json\/wp\/v2\/posts"}],"about":[{"href":"https:\/\/agora.xtec.cat\/ceipjoventutcallus\/wp-json\/wp\/v2\/types\/post"}],"author":[{"embeddable":true,"href":"https:\/\/agora.xtec.cat\/ceipjoventutcallus\/wp-json\/wp\/v2\/users\/9"}],"replies":[{"embeddable":true,"href":"https:\/\/agora.xtec.cat\/ceipjoventutcallus\/wp-json\/wp\/v2\/comments?post=3833"}],"version-history":[{"count":1,"href":"https:\/\/agora.xtec.cat\/ceipjoventutcallus\/wp-json\/wp\/v2\/posts\/3833\/revisions"}],"predecessor-version":[{"id":3834,"href":"https:\/\/agora.xtec.cat\/ceipjoventutcallus\/wp-json\/wp\/v2\/posts\/3833\/revisions\/3834"}],"wp:attachment":[{"href":"https:\/\/agora.xtec.cat\/ceipjoventutcallus\/wp-json\/wp\/v2\/media?parent=3833"}],"wp:term":[{"taxonomy":"category","embeddable":true,"href":"https:\/\/agora.xtec.cat\/ceipjoventutcallus\/wp-json\/wp\/v2\/categories?post=3833"},{"taxonomy":"post_tag","embeddable":true,"href":"https:\/\/agora.xtec.cat\/ceipjoventutcallus\/wp-json\/wp\/v2\/tags?post=3833"}],"curies":[{"name":"wp","href":"https:\/\/api.w.org\/{rel}","templated":true}]}}