{"id":3826,"date":"2021-05-30T12:48:53","date_gmt":"2021-05-30T10:48:53","guid":{"rendered":"https:\/\/agora.xtec.cat\/ceipjoventutcallus\/?p=3826"},"modified":"2021-05-30T12:48:53","modified_gmt":"2021-05-30T10:48:53","slug":"emprenedoria-disseny-de-la-parada","status":"publish","type":"post","link":"https:\/\/agora.xtec.cat\/ceipjoventutcallus\/general\/emprenedoria-disseny-de-la-parada\/","title":{"rendered":"Emprenedoria: Disseny de la parada"},"content":{"rendered":"<p>El proper 2 de juny els alumnes de cinqu\u00e8 muntarem la nostra parada al mercat de Call\u00fas. Les nostres cooperatives s\u00f3n:<\/p>\n<ul>\n<li>Recoop5\u00e8<\/li>\n<li>Call\u00faskids14<\/li>\n<\/ul>\n<p>Hem fet diferents dissenys de la nostra parada. Us esperem el dia 2 de juny al mercat de Call\u00fas. Veniu a veure els nostres productes.<\/p>\n<p><a href=\"https:\/\/photos.app.goo.gl\/pKmAqwovjuR8Q3k57\"><img loading=\"lazy\" decoding=\"async\" class=\"alignnone size-full wp-image-3821\" src=\"https:\/\/agora.xtec.cat\/ceipjoventutcallus\/wp-content\/uploads\/usu1947\/2021\/05\/13_Emprenedoria_Disseny-parada02.jpg\" alt=\"\" width=\"483\" height=\"363\" srcset=\"https:\/\/agora.xtec.cat\/ceipjoventutcallus\/wp-content\/uploads\/usu1947\/2021\/05\/13_Emprenedoria_Disseny-parada02.jpg 483w, https:\/\/agora.xtec.cat\/ceipjoventutcallus\/wp-content\/uploads\/usu1947\/2021\/05\/13_Emprenedoria_Disseny-parada02-300x225.jpg 300w, https:\/\/agora.xtec.cat\/ceipjoventutcallus\/wp-content\/uploads\/usu1947\/2021\/05\/13_Emprenedoria_Disseny-parada02-200x150.jpg 200w\" sizes=\"auto, (max-width: 483px) 100vw, 483px\" \/><\/a><a href=\"https:\/\/photos.app.goo.gl\/pKmAqwovjuR8Q3k57\"><img loading=\"lazy\" decoding=\"async\" class=\"alignnone size-full wp-image-3820\" src=\"https:\/\/agora.xtec.cat\/ceipjoventutcallus\/wp-content\/uploads\/usu1947\/2021\/05\/13_Emprenedoria_Disseny-parada01.jpg\" alt=\"\" width=\"559\" height=\"424\" srcset=\"https:\/\/agora.xtec.cat\/ceipjoventutcallus\/wp-content\/uploads\/usu1947\/2021\/05\/13_Emprenedoria_Disseny-parada01.jpg 559w, https:\/\/agora.xtec.cat\/ceipjoventutcallus\/wp-content\/uploads\/usu1947\/2021\/05\/13_Emprenedoria_Disseny-parada01-300x228.jpg 300w\" sizes=\"auto, (max-width: 559px) 100vw, 559px\" \/><\/a><\/p>\n","protected":false},"excerpt":{"rendered":"<p>El proper 2 de juny els alumnes de cinqu\u00e8 muntarem la nostra parada al mercat de Call\u00fas. Les nostres cooperatives s\u00f3n:<\/p>\n<ul>\n<li>Recoop5\u00e8<\/li>\n<li>Call\u00faskids14<\/li>\n<\/ul>\n<p>Hem fet diferents dissenys de la nostra parada. Us esperem el dia 2 de juny al mercat de Call\u00fas. Veniu a veure els nostres productes.<br \/>\n<a&hellip;  <a href=\"https:\/\/agora.xtec.cat\/ceipjoventutcallus\/general\/emprenedoria-disseny-de-la-parada\/\" title=\"Read Emprenedoria: Disseny de la parada\">Llegeix m\u00e9s\u00bb<\/a><\/p>\n","protected":false},"author":9,"featured_media":0,"comment_status":"open","ping_status":"closed","sticky":false,"template":"","format":"standard","meta":{"_bbp_topic_count":0,"_bbp_reply_count":0,"_bbp_total_topic_count":0,"_bbp_total_reply_count":0,"_bbp_voice_count":0,"_bbp_anonymous_reply_count":0,"_bbp_topic_count_hidden":0,"_bbp_reply_count_hidden":0,"_bbp_forum_subforum_count":0,"footnotes":""},"categories":[63,1],"tags":[],"class_list":["post-3826","post","type-post","status-publish","format-standard","hentry","category-cs","category-general"],"post_mailing_queue_ids":[],"_links":{"self":[{"href":"https:\/\/agora.xtec.cat\/ceipjoventutcallus\/wp-json\/wp\/v2\/posts\/3826","targetHints":{"allow":["GET"]}}],"collection":[{"href":"https:\/\/agora.xtec.cat\/ceipjoventutcallus\/wp-json\/wp\/v2\/posts"}],"about":[{"href":"https:\/\/agora.xtec.cat\/ceipjoventutcallus\/wp-json\/wp\/v2\/types\/post"}],"author":[{"embeddable":true,"href":"https:\/\/agora.xtec.cat\/ceipjoventutcallus\/wp-json\/wp\/v2\/users\/9"}],"replies":[{"embeddable":true,"href":"https:\/\/agora.xtec.cat\/ceipjoventutcallus\/wp-json\/wp\/v2\/comments?post=3826"}],"version-history":[{"count":1,"href":"https:\/\/agora.xtec.cat\/ceipjoventutcallus\/wp-json\/wp\/v2\/posts\/3826\/revisions"}],"predecessor-version":[{"id":3827,"href":"https:\/\/agora.xtec.cat\/ceipjoventutcallus\/wp-json\/wp\/v2\/posts\/3826\/revisions\/3827"}],"wp:attachment":[{"href":"https:\/\/agora.xtec.cat\/ceipjoventutcallus\/wp-json\/wp\/v2\/media?parent=3826"}],"wp:term":[{"taxonomy":"category","embeddable":true,"href":"https:\/\/agora.xtec.cat\/ceipjoventutcallus\/wp-json\/wp\/v2\/categories?post=3826"},{"taxonomy":"post_tag","embeddable":true,"href":"https:\/\/agora.xtec.cat\/ceipjoventutcallus\/wp-json\/wp\/v2\/tags?post=3826"}],"curies":[{"name":"wp","href":"https:\/\/api.w.org\/{rel}","templated":true}]}}