{"id":3814,"date":"2021-05-26T13:11:07","date_gmt":"2021-05-26T11:11:07","guid":{"rendered":"https:\/\/agora.xtec.cat\/ceipjoventutcallus\/?p=3814"},"modified":"2021-05-26T13:11:07","modified_gmt":"2021-05-26T11:11:07","slug":"audicions-de-lescola-de-musica","status":"publish","type":"post","link":"https:\/\/agora.xtec.cat\/ceipjoventutcallus\/ci\/audicions-de-lescola-de-musica\/","title":{"rendered":"AUDICIONS DE L&#8217;ESCOLA DE M\u00daSICA"},"content":{"rendered":"<p>El dilluns 24 de maig vam rebre la visita de dos mestres de l&#8217;Escola de M\u00fasica de Call\u00fas, el Joan i l&#8217;Albert, que ens van fer passar una molt bona estona amb unes audicions de trompeta i flauta travessera que van fer les del\u00edcies dels alumnes.<\/p>\n<p>Cliqueu a la imatge inferior per veure les fotografies.<\/p>\n<p><a href=\"https:\/\/photos.app.goo.gl\/gtu17Q4AVZqtkrLt6\" target=\"_blank\" rel=\"noopener noreferrer\"><img loading=\"lazy\" decoding=\"async\" class=\"aligncenter\" src=\"https:\/\/lh3.googleusercontent.com\/frBYj-7auK2m-cESreCs1IECCk5Dok9yhPzV4rnwAbGI1bDfUscqXFJRNdJxTQlP7RzCKg6OjUR6U2J0SSxoReusMk20uE4pV-Qzsy82k-kKQ3Pq11LZQPDQNjMURz2zjw1dBxv-0kuM6lIyHCeYm-Wu7QhBaOAVTwWaok4qE0OEORdItuRe7Ae7dBa5VLbMePutdJLl1k4lqUE6f7OWHrV6zRJKBYW37ADPTP1xwhAgPQBTOAsjxrwPXHiwA_ADyIgLyklQbK__iEzYPX4Ay1S14ucKr3vOTsllkz3yTQ5ZLAd5yioS62c5svtM9DEO7zjB4XIgvvHEa1KhK9s8zJejeYqYc3qyjNK4ZMQzNAbdmCBmai1iEi9YyumlnZUR_pPShG_H4OO5zUrhzkkN7gmK4TY5WgCpsf_FhZMQWFWJCs6bZ0ntIig5us8A7s_v4ILOBKCd4YO6X04r-bw7KEEZm8B5sz4HZWmny8bzv8DknC3QikgaEgL2DLYcaF0s-BxJkXn2acbA-WTgPbyAaJfdHjdzY8YdxHAiriTYe50l-j28wgdLmUZ52sSMTxGFzmjt_FQlmGik9wN4SQfZMTf_FJjT47Odw6ZHanWHhmlK1y5G7Y_YblcV1eBo963IRRbKvpS-9mhuPvHi27bIh47XKTruiBS_dAuO64zIcPBNoacOUvuIReIiLfPWl0cmTvVAGPQ1qlTLsTMi4Qx41gik=w910-h683-no?authuser=0\" alt=\"\" width=\"910\" height=\"682\" \/><\/a><\/p>\n","protected":false},"excerpt":{"rendered":"<p>El dilluns 24 de maig vam rebre la visita de dos mestres de l&#8217;Escola de M\u00fasica de Call\u00fas, el Joan i l&#8217;Albert, que ens van fer passar una molt bona estona amb unes audicions de trompeta i flauta travessera que van fer les del\u00edcies dels&hellip;  <a href=\"https:\/\/agora.xtec.cat\/ceipjoventutcallus\/ci\/audicions-de-lescola-de-musica\/\" title=\"Read AUDICIONS DE L&#8217;ESCOLA DE M\u00daSICA\">Llegeix m\u00e9s\u00bb<\/a><\/p>\n","protected":false},"author":6,"featured_media":0,"comment_status":"open","ping_status":"closed","sticky":false,"template":"","format":"standard","meta":{"_bbp_topic_count":0,"_bbp_reply_count":0,"_bbp_total_topic_count":0,"_bbp_total_reply_count":0,"_bbp_voice_count":0,"_bbp_anonymous_reply_count":0,"_bbp_topic_count_hidden":0,"_bbp_reply_count_hidden":0,"_bbp_forum_subforum_count":0,"footnotes":""},"categories":[61],"tags":[74],"class_list":["post-3814","post","type-post","status-publish","format-standard","hentry","category-ci","tag-activitats-aula"],"post_mailing_queue_ids":[],"_links":{"self":[{"href":"https:\/\/agora.xtec.cat\/ceipjoventutcallus\/wp-json\/wp\/v2\/posts\/3814","targetHints":{"allow":["GET"]}}],"collection":[{"href":"https:\/\/agora.xtec.cat\/ceipjoventutcallus\/wp-json\/wp\/v2\/posts"}],"about":[{"href":"https:\/\/agora.xtec.cat\/ceipjoventutcallus\/wp-json\/wp\/v2\/types\/post"}],"author":[{"embeddable":true,"href":"https:\/\/agora.xtec.cat\/ceipjoventutcallus\/wp-json\/wp\/v2\/users\/6"}],"replies":[{"embeddable":true,"href":"https:\/\/agora.xtec.cat\/ceipjoventutcallus\/wp-json\/wp\/v2\/comments?post=3814"}],"version-history":[{"count":1,"href":"https:\/\/agora.xtec.cat\/ceipjoventutcallus\/wp-json\/wp\/v2\/posts\/3814\/revisions"}],"predecessor-version":[{"id":3815,"href":"https:\/\/agora.xtec.cat\/ceipjoventutcallus\/wp-json\/wp\/v2\/posts\/3814\/revisions\/3815"}],"wp:attachment":[{"href":"https:\/\/agora.xtec.cat\/ceipjoventutcallus\/wp-json\/wp\/v2\/media?parent=3814"}],"wp:term":[{"taxonomy":"category","embeddable":true,"href":"https:\/\/agora.xtec.cat\/ceipjoventutcallus\/wp-json\/wp\/v2\/categories?post=3814"},{"taxonomy":"post_tag","embeddable":true,"href":"https:\/\/agora.xtec.cat\/ceipjoventutcallus\/wp-json\/wp\/v2\/tags?post=3814"}],"curies":[{"name":"wp","href":"https:\/\/api.w.org\/{rel}","templated":true}]}}