{"id":3803,"date":"2021-06-03T12:30:21","date_gmt":"2021-06-03T10:30:21","guid":{"rendered":"https:\/\/agora.xtec.cat\/ceipjoventutcallus\/?p=3803"},"modified":"2021-06-03T12:32:05","modified_gmt":"2021-06-03T10:32:05","slug":"p3-presentem-la-lletra-15","status":"publish","type":"post","link":"https:\/\/agora.xtec.cat\/ceipjoventutcallus\/infantil\/p3-presentem-la-lletra-15\/","title":{"rendered":"P3 PRESENTEM LA LLETRA"},"content":{"rendered":"<p>FA UNES SETMANES L&#8217;<strong>OTMAN<\/strong> ENS VA PRESENTAR LA SEVA LLETRA LA <strong>O<\/strong>. VA EXPLICAR COM HAVIA DECORAT LA SEVA LLETRA I QUE HAVIA ENGANXAT FLORS, QUE LI AGRADEN MOLT. TAMB\u00c9 VA PORTAR UNA CARTOLINA SOBRE L&#8217;\u00d3S PERQU\u00c8 COMEN\u00c7A AMB LA MATEIXA LLETRA QUE EL SEU NOM.<\/p>\n<p>PER ACABAR, TAMB\u00c9 VAM FER TOTS I TOTES LA LLETRA A LA PISSARRA, LA QUAL ENS VA SORTIR A TOTS I TOTES. DESPR\u00c9S, PER GRUPS VAM ANAR A VEURE LA LLETRA I LA CARTOLINA DE M\u00c9S A PROP.<\/p>\n<p><a href=\"https:\/\/photos.app.goo.gl\/LHn2RwgxdCpsUzp29\"><img loading=\"lazy\" decoding=\"async\" class=\"alignnone size-medium wp-image-3804\" src=\"https:\/\/agora.xtec.cat\/ceipjoventutcallus\/wp-content\/uploads\/usu1947\/2021\/05\/IMG-20210518-WA0009-300x225.jpg\" alt=\"\" width=\"300\" height=\"225\" srcset=\"https:\/\/agora.xtec.cat\/ceipjoventutcallus\/wp-content\/uploads\/usu1947\/2021\/05\/IMG-20210518-WA0009-300x225.jpg 300w, https:\/\/agora.xtec.cat\/ceipjoventutcallus\/wp-content\/uploads\/usu1947\/2021\/05\/IMG-20210518-WA0009-768x576.jpg 768w, https:\/\/agora.xtec.cat\/ceipjoventutcallus\/wp-content\/uploads\/usu1947\/2021\/05\/IMG-20210518-WA0009-1024x768.jpg 1024w, https:\/\/agora.xtec.cat\/ceipjoventutcallus\/wp-content\/uploads\/usu1947\/2021\/05\/IMG-20210518-WA0009-200x150.jpg 200w, https:\/\/agora.xtec.cat\/ceipjoventutcallus\/wp-content\/uploads\/usu1947\/2021\/05\/IMG-20210518-WA0009.jpg 2048w\" sizes=\"auto, (max-width: 300px) 100vw, 300px\" \/><\/a><\/p>\n","protected":false},"excerpt":{"rendered":"<p>FA UNES SETMANES L&#8217;OTMAN ENS VA PRESENTAR LA SEVA LLETRA LA O. VA EXPLICAR COM HAVIA DECORAT LA SEVA LLETRA I QUE HAVIA ENGANXAT FLORS, QUE LI AGRADEN MOLT. TAMB\u00c9 VA PORTAR UNA CARTOLINA SOBRE L&#8217;\u00d3S PERQU\u00c8 COMEN\u00c7A AMB LA MATEIXA LLETRA QUE EL SEU&hellip;  <a href=\"https:\/\/agora.xtec.cat\/ceipjoventutcallus\/infantil\/p3-presentem-la-lletra-15\/\" title=\"Read P3 PRESENTEM LA LLETRA\">Llegeix m\u00e9s\u00bb<\/a><\/p>\n","protected":false},"author":5,"featured_media":0,"comment_status":"closed","ping_status":"closed","sticky":false,"template":"","format":"standard","meta":{"_bbp_topic_count":0,"_bbp_reply_count":0,"_bbp_total_topic_count":0,"_bbp_total_reply_count":0,"_bbp_voice_count":0,"_bbp_anonymous_reply_count":0,"_bbp_topic_count_hidden":0,"_bbp_reply_count_hidden":0,"_bbp_forum_subforum_count":0,"footnotes":""},"categories":[2],"tags":[73,65],"class_list":["post-3803","post","type-post","status-publish","format-standard","hentry","category-infantil","tag-lletra-inicial","tag-p3"],"post_mailing_queue_ids":[],"_links":{"self":[{"href":"https:\/\/agora.xtec.cat\/ceipjoventutcallus\/wp-json\/wp\/v2\/posts\/3803","targetHints":{"allow":["GET"]}}],"collection":[{"href":"https:\/\/agora.xtec.cat\/ceipjoventutcallus\/wp-json\/wp\/v2\/posts"}],"about":[{"href":"https:\/\/agora.xtec.cat\/ceipjoventutcallus\/wp-json\/wp\/v2\/types\/post"}],"author":[{"embeddable":true,"href":"https:\/\/agora.xtec.cat\/ceipjoventutcallus\/wp-json\/wp\/v2\/users\/5"}],"replies":[{"embeddable":true,"href":"https:\/\/agora.xtec.cat\/ceipjoventutcallus\/wp-json\/wp\/v2\/comments?post=3803"}],"version-history":[{"count":2,"href":"https:\/\/agora.xtec.cat\/ceipjoventutcallus\/wp-json\/wp\/v2\/posts\/3803\/revisions"}],"predecessor-version":[{"id":3851,"href":"https:\/\/agora.xtec.cat\/ceipjoventutcallus\/wp-json\/wp\/v2\/posts\/3803\/revisions\/3851"}],"wp:attachment":[{"href":"https:\/\/agora.xtec.cat\/ceipjoventutcallus\/wp-json\/wp\/v2\/media?parent=3803"}],"wp:term":[{"taxonomy":"category","embeddable":true,"href":"https:\/\/agora.xtec.cat\/ceipjoventutcallus\/wp-json\/wp\/v2\/categories?post=3803"},{"taxonomy":"post_tag","embeddable":true,"href":"https:\/\/agora.xtec.cat\/ceipjoventutcallus\/wp-json\/wp\/v2\/tags?post=3803"}],"curies":[{"name":"wp","href":"https:\/\/api.w.org\/{rel}","templated":true}]}}