{"id":3797,"date":"2021-05-22T10:50:01","date_gmt":"2021-05-22T08:50:01","guid":{"rendered":"https:\/\/agora.xtec.cat\/ceipjoventutcallus\/?p=3797"},"modified":"2021-05-22T10:50:01","modified_gmt":"2021-05-22T08:50:01","slug":"visita-den-jordi-fenosa-illustrador-i-escriptor","status":"publish","type":"post","link":"https:\/\/agora.xtec.cat\/ceipjoventutcallus\/cm\/visita-den-jordi-fenosa-illustrador-i-escriptor\/","title":{"rendered":"Visita d&#8217;en JORDI FENOSA Il\u00b7lustrador i escriptor"},"content":{"rendered":"<p style=\"text-align: justify;\">El dijous dia 20 de maig de 2021, l&#8217;alumnat de cicle mitj\u00e0 va rebre la visita d&#8217;en JORDI FENOSA, \u00a0un escriptor i il\u00b7lustrador que ens va ensenyar com fa la seva feina. Vam poder veure el seu estudi, les eines manuals i inform\u00e0tiques que utilitza i com funciona una editorial per dins. Tamb\u00e9 ens va ensenyar com dibuixa en directe i ens va deixar uns dibuixos ben bonics a l&#8217;escola. Moltes gr\u00e0cies, Jordi!!!<\/p>\n<p>Si voleu veure les imatges, cliqueu <a href=\"https:\/\/photos.app.goo.gl\/TZMe652zUbrgh3qd9\">aqu\u00ed.<\/a><\/p>\n","protected":false},"excerpt":{"rendered":"<p>El dijous dia 20 de maig de 2021, l&#8217;alumnat de cicle mitj\u00e0 va rebre la visita d&#8217;en JORDI FENOSA, \u00a0un escriptor i il\u00b7lustrador que ens va ensenyar com fa la seva feina. Vam poder veure el seu estudi, les eines manuals i inform\u00e0tiques que utilitza&hellip;  <a href=\"https:\/\/agora.xtec.cat\/ceipjoventutcallus\/cm\/visita-den-jordi-fenosa-illustrador-i-escriptor\/\" title=\"Read Visita d&#8217;en JORDI FENOSA Il\u00b7lustrador i escriptor\">Llegeix m\u00e9s\u00bb<\/a><\/p>\n","protected":false},"author":7,"featured_media":3798,"comment_status":"open","ping_status":"closed","sticky":false,"template":"","format":"standard","meta":{"_bbp_topic_count":0,"_bbp_reply_count":0,"_bbp_total_topic_count":0,"_bbp_total_reply_count":0,"_bbp_voice_count":0,"_bbp_anonymous_reply_count":0,"_bbp_topic_count_hidden":0,"_bbp_reply_count_hidden":0,"_bbp_forum_subforum_count":0,"footnotes":""},"categories":[62],"tags":[],"class_list":["post-3797","post","type-post","status-publish","format-standard","has-post-thumbnail","hentry","category-cm"],"post_mailing_queue_ids":[],"_links":{"self":[{"href":"https:\/\/agora.xtec.cat\/ceipjoventutcallus\/wp-json\/wp\/v2\/posts\/3797","targetHints":{"allow":["GET"]}}],"collection":[{"href":"https:\/\/agora.xtec.cat\/ceipjoventutcallus\/wp-json\/wp\/v2\/posts"}],"about":[{"href":"https:\/\/agora.xtec.cat\/ceipjoventutcallus\/wp-json\/wp\/v2\/types\/post"}],"author":[{"embeddable":true,"href":"https:\/\/agora.xtec.cat\/ceipjoventutcallus\/wp-json\/wp\/v2\/users\/7"}],"replies":[{"embeddable":true,"href":"https:\/\/agora.xtec.cat\/ceipjoventutcallus\/wp-json\/wp\/v2\/comments?post=3797"}],"version-history":[{"count":2,"href":"https:\/\/agora.xtec.cat\/ceipjoventutcallus\/wp-json\/wp\/v2\/posts\/3797\/revisions"}],"predecessor-version":[{"id":3800,"href":"https:\/\/agora.xtec.cat\/ceipjoventutcallus\/wp-json\/wp\/v2\/posts\/3797\/revisions\/3800"}],"wp:featuredmedia":[{"embeddable":true,"href":"https:\/\/agora.xtec.cat\/ceipjoventutcallus\/wp-json\/wp\/v2\/media\/3798"}],"wp:attachment":[{"href":"https:\/\/agora.xtec.cat\/ceipjoventutcallus\/wp-json\/wp\/v2\/media?parent=3797"}],"wp:term":[{"taxonomy":"category","embeddable":true,"href":"https:\/\/agora.xtec.cat\/ceipjoventutcallus\/wp-json\/wp\/v2\/categories?post=3797"},{"taxonomy":"post_tag","embeddable":true,"href":"https:\/\/agora.xtec.cat\/ceipjoventutcallus\/wp-json\/wp\/v2\/tags?post=3797"}],"curies":[{"name":"wp","href":"https:\/\/api.w.org\/{rel}","templated":true}]}}