{"id":3743,"date":"2021-05-10T13:22:42","date_gmt":"2021-05-10T11:22:42","guid":{"rendered":"https:\/\/agora.xtec.cat\/ceipjoventutcallus\/?p=3743"},"modified":"2021-05-10T13:23:22","modified_gmt":"2021-05-10T11:23:22","slug":"colonies-a-el-clar-del-bosc","status":"publish","type":"post","link":"https:\/\/agora.xtec.cat\/ceipjoventutcallus\/cm\/colonies-a-el-clar-del-bosc\/","title":{"rendered":"Col\u00f2nies a &#8220;El clar del bosc&#8221;"},"content":{"rendered":"<p>Els dies 3 i 4 de maig, els nens i les nenes de les classes de cicle mitj\u00e0, van anar de col\u00f2nies al Pla de l&#8217;Estany a la casa &#8220;El clar del bosc&#8221;. All\u00e0 van poder fer activitats relacionades amb la natura i amb l&#8217;aventura.<\/p>\n<p>Ens ho vam passar molt b\u00e9!!!<\/p>\n<p>Si voleu veure les fotos, cliqueu <a href=\"https:\/\/photos.app.goo.gl\/bxZqRvuxYFqPR9ye8\">aqu\u00ed.<\/a><\/p>\n","protected":false},"excerpt":{"rendered":"<p>Els dies 3 i 4 de maig, els nens i les nenes de les classes de cicle mitj\u00e0, van anar de col\u00f2nies al Pla de l&#8217;Estany a la casa &#8220;El clar del bosc&#8221;. All\u00e0 van poder fer activitats relacionades amb la natura i amb l&#8217;aventura.<br \/>\nEns&hellip;  <a href=\"https:\/\/agora.xtec.cat\/ceipjoventutcallus\/cm\/colonies-a-el-clar-del-bosc\/\" title=\"Read Col\u00f2nies a &#8220;El clar del bosc&#8221;\">Llegeix m\u00e9s\u00bb<\/a><\/p>\n","protected":false},"author":7,"featured_media":3744,"comment_status":"open","ping_status":"closed","sticky":false,"template":"","format":"standard","meta":{"_bbp_topic_count":0,"_bbp_reply_count":0,"_bbp_total_topic_count":0,"_bbp_total_reply_count":0,"_bbp_voice_count":0,"_bbp_anonymous_reply_count":0,"_bbp_topic_count_hidden":0,"_bbp_reply_count_hidden":0,"_bbp_forum_subforum_count":0,"footnotes":""},"categories":[62],"tags":[],"class_list":["post-3743","post","type-post","status-publish","format-standard","has-post-thumbnail","hentry","category-cm"],"post_mailing_queue_ids":[],"_links":{"self":[{"href":"https:\/\/agora.xtec.cat\/ceipjoventutcallus\/wp-json\/wp\/v2\/posts\/3743","targetHints":{"allow":["GET"]}}],"collection":[{"href":"https:\/\/agora.xtec.cat\/ceipjoventutcallus\/wp-json\/wp\/v2\/posts"}],"about":[{"href":"https:\/\/agora.xtec.cat\/ceipjoventutcallus\/wp-json\/wp\/v2\/types\/post"}],"author":[{"embeddable":true,"href":"https:\/\/agora.xtec.cat\/ceipjoventutcallus\/wp-json\/wp\/v2\/users\/7"}],"replies":[{"embeddable":true,"href":"https:\/\/agora.xtec.cat\/ceipjoventutcallus\/wp-json\/wp\/v2\/comments?post=3743"}],"version-history":[{"count":3,"href":"https:\/\/agora.xtec.cat\/ceipjoventutcallus\/wp-json\/wp\/v2\/posts\/3743\/revisions"}],"predecessor-version":[{"id":3747,"href":"https:\/\/agora.xtec.cat\/ceipjoventutcallus\/wp-json\/wp\/v2\/posts\/3743\/revisions\/3747"}],"wp:featuredmedia":[{"embeddable":true,"href":"https:\/\/agora.xtec.cat\/ceipjoventutcallus\/wp-json\/wp\/v2\/media\/3744"}],"wp:attachment":[{"href":"https:\/\/agora.xtec.cat\/ceipjoventutcallus\/wp-json\/wp\/v2\/media?parent=3743"}],"wp:term":[{"taxonomy":"category","embeddable":true,"href":"https:\/\/agora.xtec.cat\/ceipjoventutcallus\/wp-json\/wp\/v2\/categories?post=3743"},{"taxonomy":"post_tag","embeddable":true,"href":"https:\/\/agora.xtec.cat\/ceipjoventutcallus\/wp-json\/wp\/v2\/tags?post=3743"}],"curies":[{"name":"wp","href":"https:\/\/api.w.org\/{rel}","templated":true}]}}