{"id":3711,"date":"2021-05-03T21:34:36","date_gmt":"2021-05-03T19:34:36","guid":{"rendered":"https:\/\/agora.xtec.cat\/ceipjoventutcallus\/?p=3711"},"modified":"2021-05-03T21:38:35","modified_gmt":"2021-05-03T19:38:35","slug":"expliquem-contes-11","status":"publish","type":"post","link":"https:\/\/agora.xtec.cat\/ceipjoventutcallus\/infantil\/expliquem-contes-11\/","title":{"rendered":"Expliquem contes"},"content":{"rendered":"<p>En YASSIN ens ha ensenyat el conte de l&#8217;SPIDERMAN. \u00c9s un personatge que t\u00e9 poders i pot enfilarse per les fa\u00e7anes de les cases.Sempre ajuda quan alg\u00fa est\u00e0\u00a0 en perill. ENS HA AGRADAT MOLT.<\/p>\n<p><a href=\"https:\/\/agora.xtec.cat\/ceipjoventutcallus\/wp-content\/uploads\/usu1947\/2021\/05\/Yassin-SPIDERMAN.jpg\"><img loading=\"lazy\" decoding=\"async\" class=\"alignnone size-medium wp-image-3712\" src=\"https:\/\/agora.xtec.cat\/ceipjoventutcallus\/wp-content\/uploads\/usu1947\/2021\/05\/Yassin-SPIDERMAN-300x213.jpg\" alt=\"\" width=\"300\" height=\"213\" srcset=\"https:\/\/agora.xtec.cat\/ceipjoventutcallus\/wp-content\/uploads\/usu1947\/2021\/05\/Yassin-SPIDERMAN-300x213.jpg 300w, https:\/\/agora.xtec.cat\/ceipjoventutcallus\/wp-content\/uploads\/usu1947\/2021\/05\/Yassin-SPIDERMAN-768x545.jpg 768w, https:\/\/agora.xtec.cat\/ceipjoventutcallus\/wp-content\/uploads\/usu1947\/2021\/05\/Yassin-SPIDERMAN-1024x727.jpg 1024w, https:\/\/agora.xtec.cat\/ceipjoventutcallus\/wp-content\/uploads\/usu1947\/2021\/05\/Yassin-SPIDERMAN.jpg 1747w\" sizes=\"auto, (max-width: 300px) 100vw, 300px\" \/><\/a><\/p>\n<p>En REN\u00c9 ens ha explicat EL MONSTRE DE COLORS. Totes les emocions tenen un color i hem de saber identificar. Primer el monstre t\u00e9 les emocions barrejades i de mica en mica les va destriant i posant els colors per pots. QUE B\u00c9 Quant tot est\u00e0 ordenat,\u00a0 les emocions van sortint. Gr\u00e0cies MONSTRE DE COLORS i molt b\u00e9 REN\u00c9.<\/p>\n<p><a href=\"https:\/\/agora.xtec.cat\/ceipjoventutcallus\/wp-content\/uploads\/usu1947\/2021\/05\/RENE-El-monstre-de-colors.jpg\"><img loading=\"lazy\" decoding=\"async\" class=\"alignnone size-medium wp-image-3713\" src=\"https:\/\/agora.xtec.cat\/ceipjoventutcallus\/wp-content\/uploads\/usu1947\/2021\/05\/RENE-El-monstre-de-colors-300x213.jpg\" alt=\"\" width=\"300\" height=\"213\" srcset=\"https:\/\/agora.xtec.cat\/ceipjoventutcallus\/wp-content\/uploads\/usu1947\/2021\/05\/RENE-El-monstre-de-colors-300x213.jpg 300w, https:\/\/agora.xtec.cat\/ceipjoventutcallus\/wp-content\/uploads\/usu1947\/2021\/05\/RENE-El-monstre-de-colors-768x545.jpg 768w, https:\/\/agora.xtec.cat\/ceipjoventutcallus\/wp-content\/uploads\/usu1947\/2021\/05\/RENE-El-monstre-de-colors-1024x727.jpg 1024w, https:\/\/agora.xtec.cat\/ceipjoventutcallus\/wp-content\/uploads\/usu1947\/2021\/05\/RENE-El-monstre-de-colors.jpg 1747w\" sizes=\"auto, (max-width: 300px) 100vw, 300px\" \/><\/a><\/p>\n<p>LA ELSA ja fa temps ens va explicar al desembre un conte de Nadal. I no estava publicat el full de l&#8217;exposici\u00f3. Aqu\u00ed el tenim!<\/p>\n<p><a href=\"https:\/\/agora.xtec.cat\/ceipjoventutcallus\/wp-content\/uploads\/usu1947\/2021\/05\/ELSA-i-el-conte-1.jpg\"><img loading=\"lazy\" decoding=\"async\" class=\"alignnone size-medium wp-image-3715\" src=\"https:\/\/agora.xtec.cat\/ceipjoventutcallus\/wp-content\/uploads\/usu1947\/2021\/05\/ELSA-i-el-conte-1-300x213.jpg\" alt=\"\" width=\"300\" height=\"213\" srcset=\"https:\/\/agora.xtec.cat\/ceipjoventutcallus\/wp-content\/uploads\/usu1947\/2021\/05\/ELSA-i-el-conte-1-300x213.jpg 300w, https:\/\/agora.xtec.cat\/ceipjoventutcallus\/wp-content\/uploads\/usu1947\/2021\/05\/ELSA-i-el-conte-1-768x545.jpg 768w, https:\/\/agora.xtec.cat\/ceipjoventutcallus\/wp-content\/uploads\/usu1947\/2021\/05\/ELSA-i-el-conte-1-1024x727.jpg 1024w, https:\/\/agora.xtec.cat\/ceipjoventutcallus\/wp-content\/uploads\/usu1947\/2021\/05\/ELSA-i-el-conte-1.jpg 1747w\" sizes=\"auto, (max-width: 300px) 100vw, 300px\" \/><\/a><\/p>\n<p>A la classe dels Peluixos , la <strong>Malak<\/strong>\u00a0ens ha explicat el conte <strong>&#8220;NENA, GAT, AIGUA, \u00c0NEC&#8221;.\u00a0<\/strong>\u00c9s l&#8217;hora del bany i els quatre personatges del conte comencen a jugar, ara es posa un dins la banyera, ara l&#8217;altre&#8230;<\/p>\n<p>Molt divertit, Malak!<\/p>\n<p><a href=\"https:\/\/agora.xtec.cat\/ceipjoventutcallus\/wp-content\/uploads\/usu1947\/2021\/05\/malak.jpg\"><img loading=\"lazy\" decoding=\"async\" class=\"alignnone size-medium wp-image-3717\" src=\"https:\/\/agora.xtec.cat\/ceipjoventutcallus\/wp-content\/uploads\/usu1947\/2021\/05\/malak-300x240.jpg\" alt=\"\" width=\"300\" height=\"240\" srcset=\"https:\/\/agora.xtec.cat\/ceipjoventutcallus\/wp-content\/uploads\/usu1947\/2021\/05\/malak-300x240.jpg 300w, https:\/\/agora.xtec.cat\/ceipjoventutcallus\/wp-content\/uploads\/usu1947\/2021\/05\/malak-768x614.jpg 768w, https:\/\/agora.xtec.cat\/ceipjoventutcallus\/wp-content\/uploads\/usu1947\/2021\/05\/malak-1024x819.jpg 1024w, https:\/\/agora.xtec.cat\/ceipjoventutcallus\/wp-content\/uploads\/usu1947\/2021\/05\/malak.jpg 2000w\" sizes=\"auto, (max-width: 300px) 100vw, 300px\" \/><\/a><\/p>\n<p>I\u00a0 l&#8217;<strong>IYAD\u00a0<\/strong>ha compartit el\u00a0 conte <strong>&#8220;ELS TRES PORQUETS&#8221;<\/strong> .\u00a0 El conte tradicional dels porquets que volen fer-se una casa per\u00f2 el llop els hi posa ben dif\u00edcil.\u00a0 Com ens agrada aquest conte!!!<\/p>\n<p>Gr\u00e0cies Iyad!!<\/p>\n<p><a href=\"https:\/\/agora.xtec.cat\/ceipjoventutcallus\/wp-content\/uploads\/usu1947\/2021\/05\/iyad.jpg\"><img loading=\"lazy\" decoding=\"async\" class=\"alignnone size-medium wp-image-3718\" src=\"https:\/\/agora.xtec.cat\/ceipjoventutcallus\/wp-content\/uploads\/usu1947\/2021\/05\/iyad-300x240.jpg\" alt=\"\" width=\"300\" height=\"240\" srcset=\"https:\/\/agora.xtec.cat\/ceipjoventutcallus\/wp-content\/uploads\/usu1947\/2021\/05\/iyad-300x240.jpg 300w, https:\/\/agora.xtec.cat\/ceipjoventutcallus\/wp-content\/uploads\/usu1947\/2021\/05\/iyad-768x614.jpg 768w, https:\/\/agora.xtec.cat\/ceipjoventutcallus\/wp-content\/uploads\/usu1947\/2021\/05\/iyad-1024x819.jpg 1024w, https:\/\/agora.xtec.cat\/ceipjoventutcallus\/wp-content\/uploads\/usu1947\/2021\/05\/iyad.jpg 2000w\" sizes=\"auto, (max-width: 300px) 100vw, 300px\" \/><\/a><\/p>\n","protected":false},"excerpt":{"rendered":"<p>En YASSIN ens ha ensenyat el conte de l&#8217;SPIDERMAN. \u00c9s un personatge que t\u00e9 poders i pot enfilarse per les fa\u00e7anes de les cases.Sempre ajuda quan alg\u00fa est\u00e0\u00a0 en perill. ENS HA AGRADAT MOLT.<br \/>\n<a href=\"https:\/\/agora.xtec.cat\/ceipjoventutcallus\/wp-content\/uploads\/usu1947\/2021\/05\/Yassin-SPIDERMAN.jpg\"><\/a><br \/>\nEn REN\u00c9 ens ha explicat EL MONSTRE DE COLORS. Totes les&hellip;  <a href=\"https:\/\/agora.xtec.cat\/ceipjoventutcallus\/infantil\/expliquem-contes-11\/\" title=\"Read Expliquem contes\">Llegeix m\u00e9s\u00bb<\/a><\/p>\n","protected":false},"author":5,"featured_media":0,"comment_status":"closed","ping_status":"closed","sticky":false,"template":"","format":"standard","meta":{"_bbp_topic_count":0,"_bbp_reply_count":0,"_bbp_total_topic_count":0,"_bbp_total_reply_count":0,"_bbp_voice_count":0,"_bbp_anonymous_reply_count":0,"_bbp_topic_count_hidden":0,"_bbp_reply_count_hidden":0,"_bbp_forum_subforum_count":0,"footnotes":""},"categories":[2],"tags":[66,71],"class_list":["post-3711","post","type-post","status-publish","format-standard","hentry","category-infantil","tag-p4-p5-a","tag-p4-p5b"],"post_mailing_queue_ids":[],"_links":{"self":[{"href":"https:\/\/agora.xtec.cat\/ceipjoventutcallus\/wp-json\/wp\/v2\/posts\/3711","targetHints":{"allow":["GET"]}}],"collection":[{"href":"https:\/\/agora.xtec.cat\/ceipjoventutcallus\/wp-json\/wp\/v2\/posts"}],"about":[{"href":"https:\/\/agora.xtec.cat\/ceipjoventutcallus\/wp-json\/wp\/v2\/types\/post"}],"author":[{"embeddable":true,"href":"https:\/\/agora.xtec.cat\/ceipjoventutcallus\/wp-json\/wp\/v2\/users\/5"}],"replies":[{"embeddable":true,"href":"https:\/\/agora.xtec.cat\/ceipjoventutcallus\/wp-json\/wp\/v2\/comments?post=3711"}],"version-history":[{"count":3,"href":"https:\/\/agora.xtec.cat\/ceipjoventutcallus\/wp-json\/wp\/v2\/posts\/3711\/revisions"}],"predecessor-version":[{"id":3725,"href":"https:\/\/agora.xtec.cat\/ceipjoventutcallus\/wp-json\/wp\/v2\/posts\/3711\/revisions\/3725"}],"wp:attachment":[{"href":"https:\/\/agora.xtec.cat\/ceipjoventutcallus\/wp-json\/wp\/v2\/media?parent=3711"}],"wp:term":[{"taxonomy":"category","embeddable":true,"href":"https:\/\/agora.xtec.cat\/ceipjoventutcallus\/wp-json\/wp\/v2\/categories?post=3711"},{"taxonomy":"post_tag","embeddable":true,"href":"https:\/\/agora.xtec.cat\/ceipjoventutcallus\/wp-json\/wp\/v2\/tags?post=3711"}],"curies":[{"name":"wp","href":"https:\/\/api.w.org\/{rel}","templated":true}]}}