{"id":3635,"date":"2021-04-26T11:36:51","date_gmt":"2021-04-26T09:36:51","guid":{"rendered":"https:\/\/agora.xtec.cat\/ceipjoventutcallus\/?p=3635"},"modified":"2021-04-26T11:36:51","modified_gmt":"2021-04-26T09:36:51","slug":"p3-presentem-la-lletra-13","status":"publish","type":"post","link":"https:\/\/agora.xtec.cat\/ceipjoventutcallus\/infantil\/p3-presentem-la-lletra-13\/","title":{"rendered":"P3 PRESENTEM LA LLETRA"},"content":{"rendered":"<p>EL <strong>BIEL<\/strong> ENS VA PRESENTAR LA SEVA LLETRA LA <strong>B<\/strong>. ENS VA EXPLICAR QUE LA VA FER DE CARTR\u00d3 I PAPER DE DIARI, I LA VA PINTAR DE BLAU, QUE LI AGRADA MOLT I COMEN\u00c7A PER LA LLETRA B. TAMB\u00c9 ENS VA ENSENYAR ELS DIBUIXOS QUE VA ENGANXAR A LA CARTOLINA, QUE COMENCEN PER LA SEVA LLETRA COM BALENA, BICICLETA, BUFANDA,&#8230;<\/p>\n<p>DESPR\u00c9S VAM FER TORN DE PREGUNTES, ON CADA VEGADA EN SOM M\u00c9S EXPERTS. FINALMENT, PER GRUPS VAM ESCRIURE LA LLETRA A LA PISSARRA, QUE ENS VA SORTIR A TOTS I TOTES, I VAM VEURE LA LLETRA I LA CARTOLINA, AMB LES FOTOS I ELS DIBUIXOS, DE M\u00c9S A PROP.<\/p>\n<figure class=\"figure wp-caption alignnone\"><a href=\"https:\/\/photos.app.goo.gl\/P65s3QzkeoohysSH7\"><img loading=\"lazy\" decoding=\"async\" class=\"size-medium wp-image-3649\" src=\"https:\/\/agora.xtec.cat\/ceipjoventutcallus\/wp-content\/uploads\/usu1947\/2021\/04\/IMG_20210414_102508-225x300.jpg\" alt=\"\" width=\"225\" height=\"300\" srcset=\"https:\/\/agora.xtec.cat\/ceipjoventutcallus\/wp-content\/uploads\/usu1947\/2021\/04\/IMG_20210414_102508-225x300.jpg 225w, https:\/\/agora.xtec.cat\/ceipjoventutcallus\/wp-content\/uploads\/usu1947\/2021\/04\/IMG_20210414_102508-768x1024.jpg 768w\" sizes=\"auto, (max-width: 225px) 100vw, 225px\" \/><\/a><figcaption class=\"wp-caption-text\">Cliqueu sobre la imatge per veure la resta<\/figcaption><\/figure>\n","protected":false},"excerpt":{"rendered":"<p>EL BIEL ENS VA PRESENTAR LA SEVA LLETRA LA B. ENS VA EXPLICAR QUE LA VA FER DE CARTR\u00d3 I PAPER DE DIARI, I LA VA PINTAR DE BLAU, QUE LI AGRADA MOLT I COMEN\u00c7A PER LA LLETRA B. TAMB\u00c9 ENS VA ENSENYAR ELS DIBUIXOS&hellip;  <a href=\"https:\/\/agora.xtec.cat\/ceipjoventutcallus\/infantil\/p3-presentem-la-lletra-13\/\" title=\"Read P3 PRESENTEM LA LLETRA\">Llegeix m\u00e9s\u00bb<\/a><\/p>\n","protected":false},"author":5,"featured_media":0,"comment_status":"closed","ping_status":"closed","sticky":false,"template":"","format":"standard","meta":{"_bbp_topic_count":0,"_bbp_reply_count":0,"_bbp_total_topic_count":0,"_bbp_total_reply_count":0,"_bbp_voice_count":0,"_bbp_anonymous_reply_count":0,"_bbp_topic_count_hidden":0,"_bbp_reply_count_hidden":0,"_bbp_forum_subforum_count":0,"footnotes":""},"categories":[2],"tags":[73,65],"class_list":["post-3635","post","type-post","status-publish","format-standard","hentry","category-infantil","tag-lletra-inicial","tag-p3"],"post_mailing_queue_ids":[],"_links":{"self":[{"href":"https:\/\/agora.xtec.cat\/ceipjoventutcallus\/wp-json\/wp\/v2\/posts\/3635","targetHints":{"allow":["GET"]}}],"collection":[{"href":"https:\/\/agora.xtec.cat\/ceipjoventutcallus\/wp-json\/wp\/v2\/posts"}],"about":[{"href":"https:\/\/agora.xtec.cat\/ceipjoventutcallus\/wp-json\/wp\/v2\/types\/post"}],"author":[{"embeddable":true,"href":"https:\/\/agora.xtec.cat\/ceipjoventutcallus\/wp-json\/wp\/v2\/users\/5"}],"replies":[{"embeddable":true,"href":"https:\/\/agora.xtec.cat\/ceipjoventutcallus\/wp-json\/wp\/v2\/comments?post=3635"}],"version-history":[{"count":3,"href":"https:\/\/agora.xtec.cat\/ceipjoventutcallus\/wp-json\/wp\/v2\/posts\/3635\/revisions"}],"predecessor-version":[{"id":3677,"href":"https:\/\/agora.xtec.cat\/ceipjoventutcallus\/wp-json\/wp\/v2\/posts\/3635\/revisions\/3677"}],"wp:attachment":[{"href":"https:\/\/agora.xtec.cat\/ceipjoventutcallus\/wp-json\/wp\/v2\/media?parent=3635"}],"wp:term":[{"taxonomy":"category","embeddable":true,"href":"https:\/\/agora.xtec.cat\/ceipjoventutcallus\/wp-json\/wp\/v2\/categories?post=3635"},{"taxonomy":"post_tag","embeddable":true,"href":"https:\/\/agora.xtec.cat\/ceipjoventutcallus\/wp-json\/wp\/v2\/tags?post=3635"}],"curies":[{"name":"wp","href":"https:\/\/api.w.org\/{rel}","templated":true}]}}