{"id":3551,"date":"2021-03-26T18:43:18","date_gmt":"2021-03-26T17:43:18","guid":{"rendered":"https:\/\/agora.xtec.cat\/ceipjoventutcallus\/?p=3551"},"modified":"2021-03-26T18:43:18","modified_gmt":"2021-03-26T17:43:18","slug":"tanquem-el-segon-trimestre-sortida-al-filador","status":"publish","type":"post","link":"https:\/\/agora.xtec.cat\/ceipjoventutcallus\/cs\/tanquem-el-segon-trimestre-sortida-al-filador\/","title":{"rendered":"Tanquem el segon Trimestre &#8211; Sortida al Filador"},"content":{"rendered":"<p>Avui, 26 de mar\u00e7, els alumnes de cicle superior hem fet una petita caminada pels entorns de Call\u00fas. Hem visitat El Filador. Hem aprofitat la sortida per acostar-nos fins la casa pairal de Cal Cavaller, marqu\u00e8s de Palmerola. Aquesta sortida ha servit tamb\u00e9 per tancar el segon trimestre.<\/p>\n<p><a href=\"https:\/\/photos.app.goo.gl\/DXetVtUA2Xd8TGR5A\"><img loading=\"lazy\" decoding=\"async\" class=\"alignnone size-large wp-image-3550\" src=\"https:\/\/agora.xtec.cat\/ceipjoventutcallus\/wp-content\/uploads\/usu1947\/2021\/03\/Web_Filador-1024x627.jpg\" alt=\"\" width=\"1024\" height=\"627\" srcset=\"https:\/\/agora.xtec.cat\/ceipjoventutcallus\/wp-content\/uploads\/usu1947\/2021\/03\/Web_Filador-1024x627.jpg 1024w, https:\/\/agora.xtec.cat\/ceipjoventutcallus\/wp-content\/uploads\/usu1947\/2021\/03\/Web_Filador-300x184.jpg 300w, https:\/\/agora.xtec.cat\/ceipjoventutcallus\/wp-content\/uploads\/usu1947\/2021\/03\/Web_Filador-768x470.jpg 768w, https:\/\/agora.xtec.cat\/ceipjoventutcallus\/wp-content\/uploads\/usu1947\/2021\/03\/Web_Filador.jpg 1153w\" sizes=\"auto, (max-width: 1024px) 100vw, 1024px\" \/><\/a><\/p>\n","protected":false},"excerpt":{"rendered":"<p>Avui, 26 de mar\u00e7, els alumnes de cicle superior hem fet una petita caminada pels entorns de Call\u00fas. Hem visitat El Filador. Hem aprofitat la sortida per acostar-nos fins la casa pairal de Cal Cavaller, marqu\u00e8s de Palmerola. Aquesta sortida ha servit tamb\u00e9 per tancar&hellip;  <a href=\"https:\/\/agora.xtec.cat\/ceipjoventutcallus\/cs\/tanquem-el-segon-trimestre-sortida-al-filador\/\" title=\"Read Tanquem el segon Trimestre &#8211; Sortida al Filador\">Llegeix m\u00e9s\u00bb<\/a><\/p>\n","protected":false},"author":9,"featured_media":0,"comment_status":"open","ping_status":"closed","sticky":false,"template":"","format":"standard","meta":{"_bbp_topic_count":0,"_bbp_reply_count":0,"_bbp_total_topic_count":0,"_bbp_total_reply_count":0,"_bbp_voice_count":0,"_bbp_anonymous_reply_count":0,"_bbp_topic_count_hidden":0,"_bbp_reply_count_hidden":0,"_bbp_forum_subforum_count":0,"footnotes":""},"categories":[63],"tags":[],"class_list":["post-3551","post","type-post","status-publish","format-standard","hentry","category-cs"],"post_mailing_queue_ids":[],"_links":{"self":[{"href":"https:\/\/agora.xtec.cat\/ceipjoventutcallus\/wp-json\/wp\/v2\/posts\/3551","targetHints":{"allow":["GET"]}}],"collection":[{"href":"https:\/\/agora.xtec.cat\/ceipjoventutcallus\/wp-json\/wp\/v2\/posts"}],"about":[{"href":"https:\/\/agora.xtec.cat\/ceipjoventutcallus\/wp-json\/wp\/v2\/types\/post"}],"author":[{"embeddable":true,"href":"https:\/\/agora.xtec.cat\/ceipjoventutcallus\/wp-json\/wp\/v2\/users\/9"}],"replies":[{"embeddable":true,"href":"https:\/\/agora.xtec.cat\/ceipjoventutcallus\/wp-json\/wp\/v2\/comments?post=3551"}],"version-history":[{"count":1,"href":"https:\/\/agora.xtec.cat\/ceipjoventutcallus\/wp-json\/wp\/v2\/posts\/3551\/revisions"}],"predecessor-version":[{"id":3552,"href":"https:\/\/agora.xtec.cat\/ceipjoventutcallus\/wp-json\/wp\/v2\/posts\/3551\/revisions\/3552"}],"wp:attachment":[{"href":"https:\/\/agora.xtec.cat\/ceipjoventutcallus\/wp-json\/wp\/v2\/media?parent=3551"}],"wp:term":[{"taxonomy":"category","embeddable":true,"href":"https:\/\/agora.xtec.cat\/ceipjoventutcallus\/wp-json\/wp\/v2\/categories?post=3551"},{"taxonomy":"post_tag","embeddable":true,"href":"https:\/\/agora.xtec.cat\/ceipjoventutcallus\/wp-json\/wp\/v2\/tags?post=3551"}],"curies":[{"name":"wp","href":"https:\/\/api.w.org\/{rel}","templated":true}]}}