{"id":3546,"date":"2021-03-26T13:14:21","date_gmt":"2021-03-26T12:14:21","guid":{"rendered":"https:\/\/agora.xtec.cat\/ceipjoventutcallus\/?p=3546"},"modified":"2021-03-26T13:14:21","modified_gmt":"2021-03-26T12:14:21","slug":"literaria-26-de-marc-de-2021","status":"publish","type":"post","link":"https:\/\/agora.xtec.cat\/ceipjoventutcallus\/cs\/literaria-26-de-marc-de-2021\/","title":{"rendered":"Liter\u00e0ria &#8211; 26 de mar\u00e7 de 2021"},"content":{"rendered":"<p>Avui el Quim i la Maria ens han regalat dos poemes fant\u00e0stics que han\u00a0 memoritzat.<\/p>\n<p>Tamb\u00e9 ens n&#8217;han llegit uns que eren molt bonics.<\/p>\n<p>Acabem el segon trimestre, aix\u00ed \u00e9s que&#8230;<\/p>\n<p>Passeu-les Felices!!!!<a href=\"https:\/\/photos.app.goo.gl\/WdWo9Eht1nqKpegH9\"><img loading=\"lazy\" decoding=\"async\" class=\"alignnone size-full wp-image-3547\" src=\"https:\/\/agora.xtec.cat\/ceipjoventutcallus\/wp-content\/uploads\/usu1947\/2021\/03\/14_Literaria_Maria-1.jpg\" alt=\"\" width=\"640\" height=\"362\" srcset=\"https:\/\/agora.xtec.cat\/ceipjoventutcallus\/wp-content\/uploads\/usu1947\/2021\/03\/14_Literaria_Maria-1.jpg 640w, https:\/\/agora.xtec.cat\/ceipjoventutcallus\/wp-content\/uploads\/usu1947\/2021\/03\/14_Literaria_Maria-1-300x170.jpg 300w\" sizes=\"auto, (max-width: 640px) 100vw, 640px\" \/><\/a> <a href=\"https:\/\/photos.app.goo.gl\/WdWo9Eht1nqKpegH9\"><img loading=\"lazy\" decoding=\"async\" class=\"alignnone size-large wp-image-3548\" src=\"https:\/\/agora.xtec.cat\/ceipjoventutcallus\/wp-content\/uploads\/usu1947\/2021\/03\/15_Literaria_Quim-1.jpg\" alt=\"\" width=\"280\" height=\"222\" \/><\/a><\/p>\n","protected":false},"excerpt":{"rendered":"<p>Avui el Quim i la Maria ens han regalat dos poemes fant\u00e0stics que han\u00a0 memoritzat.<br \/>\nTamb\u00e9 ens n&#8217;han llegit uns que eren molt bonics.<br \/>\nAcabem el segon trimestre, aix\u00ed \u00e9s que&#8230;<br \/>\nPasseu-les Felices!!!!<a href=\"https:\/\/photos.app.goo.gl\/WdWo9Eht1nqKpegH9\"><\/a> <a href=\"https:\/\/photos.app.goo.gl\/WdWo9Eht1nqKpegH9\"><\/a><\/p>\n","protected":false},"author":9,"featured_media":0,"comment_status":"open","ping_status":"closed","sticky":false,"template":"","format":"standard","meta":{"_bbp_topic_count":0,"_bbp_reply_count":0,"_bbp_total_topic_count":0,"_bbp_total_reply_count":0,"_bbp_voice_count":0,"_bbp_anonymous_reply_count":0,"_bbp_topic_count_hidden":0,"_bbp_reply_count_hidden":0,"_bbp_forum_subforum_count":0,"footnotes":""},"categories":[63],"tags":[],"class_list":["post-3546","post","type-post","status-publish","format-standard","hentry","category-cs"],"post_mailing_queue_ids":[],"_links":{"self":[{"href":"https:\/\/agora.xtec.cat\/ceipjoventutcallus\/wp-json\/wp\/v2\/posts\/3546","targetHints":{"allow":["GET"]}}],"collection":[{"href":"https:\/\/agora.xtec.cat\/ceipjoventutcallus\/wp-json\/wp\/v2\/posts"}],"about":[{"href":"https:\/\/agora.xtec.cat\/ceipjoventutcallus\/wp-json\/wp\/v2\/types\/post"}],"author":[{"embeddable":true,"href":"https:\/\/agora.xtec.cat\/ceipjoventutcallus\/wp-json\/wp\/v2\/users\/9"}],"replies":[{"embeddable":true,"href":"https:\/\/agora.xtec.cat\/ceipjoventutcallus\/wp-json\/wp\/v2\/comments?post=3546"}],"version-history":[{"count":1,"href":"https:\/\/agora.xtec.cat\/ceipjoventutcallus\/wp-json\/wp\/v2\/posts\/3546\/revisions"}],"predecessor-version":[{"id":3549,"href":"https:\/\/agora.xtec.cat\/ceipjoventutcallus\/wp-json\/wp\/v2\/posts\/3546\/revisions\/3549"}],"wp:attachment":[{"href":"https:\/\/agora.xtec.cat\/ceipjoventutcallus\/wp-json\/wp\/v2\/media?parent=3546"}],"wp:term":[{"taxonomy":"category","embeddable":true,"href":"https:\/\/agora.xtec.cat\/ceipjoventutcallus\/wp-json\/wp\/v2\/categories?post=3546"},{"taxonomy":"post_tag","embeddable":true,"href":"https:\/\/agora.xtec.cat\/ceipjoventutcallus\/wp-json\/wp\/v2\/tags?post=3546"}],"curies":[{"name":"wp","href":"https:\/\/api.w.org\/{rel}","templated":true}]}}