{"id":3535,"date":"2021-03-29T18:00:15","date_gmt":"2021-03-29T16:00:15","guid":{"rendered":"https:\/\/agora.xtec.cat\/ceipjoventutcallus\/?p=3535"},"modified":"2021-05-03T21:26:43","modified_gmt":"2021-05-03T19:26:43","slug":"expliquem-contes-10","status":"publish","type":"post","link":"https:\/\/agora.xtec.cat\/ceipjoventutcallus\/infantil\/expliquem-contes-10\/","title":{"rendered":"EXPLIQUEM CONTES"},"content":{"rendered":"<p style=\"text-align: center;\"><strong>\u00a0ENS HAN EXPLICAT EL CONTE:<\/strong><\/p>\n<p>La <strong>Martina <\/strong>de la classe de &#8220;les bicicletes&#8221; ha explicat <strong>&#8220;El meu primer llibre de Sant Jordi&#8221;<span style=\"font-family: inherit; font-size: 1em;\">. <\/span><\/strong><span style=\"font-family: inherit; font-size: 1em;\">La llegenda explica que fa molt de temps un valent cavaller va alliberar tot un poble que es trobava amena\u00e7at per un drac molt malvat. Sabeu qui va ser aquest fam\u00f3s cavaller? Aquesta \u00e9s l<\/span><span style=\"font-family: inherit; font-size: 1em;\">a fant\u00e0stica llegenda de Sant Jordi perqu\u00e8 la coneguin els m\u00e9s petits.<\/span><\/p>\n<p>Genial Martina!<\/p>\n<p><a href=\"https:\/\/agora.xtec.cat\/ceipjoventutcallus\/wp-content\/uploads\/usu1947\/2021\/03\/ENS-EXPLIQUEM-UN-CONTE-1.jpg\"><img loading=\"lazy\" decoding=\"async\" class=\"alignnone size-medium wp-image-3536\" src=\"https:\/\/agora.xtec.cat\/ceipjoventutcallus\/wp-content\/uploads\/usu1947\/2021\/03\/ENS-EXPLIQUEM-UN-CONTE-1-300x213.jpg\" alt=\"\" width=\"300\" height=\"213\" srcset=\"https:\/\/agora.xtec.cat\/ceipjoventutcallus\/wp-content\/uploads\/usu1947\/2021\/03\/ENS-EXPLIQUEM-UN-CONTE-1-300x213.jpg 300w, https:\/\/agora.xtec.cat\/ceipjoventutcallus\/wp-content\/uploads\/usu1947\/2021\/03\/ENS-EXPLIQUEM-UN-CONTE-1-768x545.jpg 768w, https:\/\/agora.xtec.cat\/ceipjoventutcallus\/wp-content\/uploads\/usu1947\/2021\/03\/ENS-EXPLIQUEM-UN-CONTE-1-1024x727.jpg 1024w, https:\/\/agora.xtec.cat\/ceipjoventutcallus\/wp-content\/uploads\/usu1947\/2021\/03\/ENS-EXPLIQUEM-UN-CONTE-1.jpg 1747w\" sizes=\"auto, (max-width: 300px) 100vw, 300px\" \/><\/a><\/p>\n<p>A la classe dels Peluixos, el <strong>Ferran<\/strong> ens ha explicat el conte<strong> &#8221; Els invents del Doraemon&#8221;<\/strong>. Un personatge que tots els nens i nenes\u00a0 coneixen pels seus invents extravagants i divertits.<\/p>\n<p>Magn\u00edfic, Ferran!!<\/p>\n<p><a href=\"https:\/\/agora.xtec.cat\/ceipjoventutcallus\/wp-content\/uploads\/usu1947\/2021\/03\/explica-ferran.jpg\"><img loading=\"lazy\" decoding=\"async\" class=\"alignnone size-medium wp-image-3538\" src=\"https:\/\/agora.xtec.cat\/ceipjoventutcallus\/wp-content\/uploads\/usu1947\/2021\/03\/explica-ferran-300x240.jpg\" alt=\"\" width=\"300\" height=\"240\" srcset=\"https:\/\/agora.xtec.cat\/ceipjoventutcallus\/wp-content\/uploads\/usu1947\/2021\/03\/explica-ferran-300x240.jpg 300w, https:\/\/agora.xtec.cat\/ceipjoventutcallus\/wp-content\/uploads\/usu1947\/2021\/03\/explica-ferran-768x614.jpg 768w, https:\/\/agora.xtec.cat\/ceipjoventutcallus\/wp-content\/uploads\/usu1947\/2021\/03\/explica-ferran-1024x819.jpg 1024w, https:\/\/agora.xtec.cat\/ceipjoventutcallus\/wp-content\/uploads\/usu1947\/2021\/03\/explica-ferran.jpg 2000w\" sizes=\"auto, (max-width: 300px) 100vw, 300px\" \/><\/a><\/p>\n","protected":false},"excerpt":{"rendered":"<p>\u00a0ENS HAN EXPLICAT EL CONTE:<br \/>\nLa Martina de la classe de &#8220;les bicicletes&#8221; ha explicat &#8220;El meu primer llibre de Sant Jordi&#8221;. La llegenda explica que fa molt de temps un valent cavaller va alliberar tot un poble que es trobava amena\u00e7at per un drac molt&hellip;  <a href=\"https:\/\/agora.xtec.cat\/ceipjoventutcallus\/infantil\/expliquem-contes-10\/\" title=\"Read EXPLIQUEM CONTES\">Llegeix m\u00e9s\u00bb<\/a><\/p>\n","protected":false},"author":5,"featured_media":0,"comment_status":"closed","ping_status":"closed","sticky":false,"template":"","format":"standard","meta":{"_bbp_topic_count":0,"_bbp_reply_count":0,"_bbp_total_topic_count":0,"_bbp_total_reply_count":0,"_bbp_voice_count":0,"_bbp_anonymous_reply_count":0,"_bbp_topic_count_hidden":0,"_bbp_reply_count_hidden":0,"_bbp_forum_subforum_count":0,"footnotes":""},"categories":[2],"tags":[66,67],"class_list":["post-3535","post","type-post","status-publish","format-standard","hentry","category-infantil","tag-p4-p5-a","tag-p4-p5-c"],"post_mailing_queue_ids":[],"_links":{"self":[{"href":"https:\/\/agora.xtec.cat\/ceipjoventutcallus\/wp-json\/wp\/v2\/posts\/3535","targetHints":{"allow":["GET"]}}],"collection":[{"href":"https:\/\/agora.xtec.cat\/ceipjoventutcallus\/wp-json\/wp\/v2\/posts"}],"about":[{"href":"https:\/\/agora.xtec.cat\/ceipjoventutcallus\/wp-json\/wp\/v2\/types\/post"}],"author":[{"embeddable":true,"href":"https:\/\/agora.xtec.cat\/ceipjoventutcallus\/wp-json\/wp\/v2\/users\/5"}],"replies":[{"embeddable":true,"href":"https:\/\/agora.xtec.cat\/ceipjoventutcallus\/wp-json\/wp\/v2\/comments?post=3535"}],"version-history":[{"count":3,"href":"https:\/\/agora.xtec.cat\/ceipjoventutcallus\/wp-json\/wp\/v2\/posts\/3535\/revisions"}],"predecessor-version":[{"id":3571,"href":"https:\/\/agora.xtec.cat\/ceipjoventutcallus\/wp-json\/wp\/v2\/posts\/3535\/revisions\/3571"}],"wp:attachment":[{"href":"https:\/\/agora.xtec.cat\/ceipjoventutcallus\/wp-json\/wp\/v2\/media?parent=3535"}],"wp:term":[{"taxonomy":"category","embeddable":true,"href":"https:\/\/agora.xtec.cat\/ceipjoventutcallus\/wp-json\/wp\/v2\/categories?post=3535"},{"taxonomy":"post_tag","embeddable":true,"href":"https:\/\/agora.xtec.cat\/ceipjoventutcallus\/wp-json\/wp\/v2\/tags?post=3535"}],"curies":[{"name":"wp","href":"https:\/\/api.w.org\/{rel}","templated":true}]}}