{"id":3521,"date":"2021-03-25T20:55:51","date_gmt":"2021-03-25T19:55:51","guid":{"rendered":"https:\/\/agora.xtec.cat\/ceipjoventutcallus\/?p=3521"},"modified":"2021-03-25T20:56:12","modified_gmt":"2021-03-25T19:56:12","slug":"conferencia-angel-alt-urgell","status":"publish","type":"post","link":"https:\/\/agora.xtec.cat\/ceipjoventutcallus\/cm\/conferencia-angel-alt-urgell\/","title":{"rendered":"Confer\u00e8ncia \u00c0NGEL &#8220;ALT URGELL&#8221;"},"content":{"rendered":"<p>El dia 25 de mar\u00e7 de 2021, l&#8217;\u00c0ngel ens ha presentat la seva confer\u00e8ncia sobre l&#8217;Alt Urgell i ens ha destacat la seva visita a Dinosfera a Coll de Narg\u00f3, just a l&#8217;Alt Urgell. Molt b\u00e9, \u00c0ngel!<\/p>\n<p>Si voleu veure les imatges, cliqueu <a href=\"https:\/\/photos.app.goo.gl\/QKvGsv36Li38p3oA6\">aqu\u00ed<\/a>.<\/p>\n","protected":false},"excerpt":{"rendered":"<p>El dia 25 de mar\u00e7 de 2021, l&#8217;\u00c0ngel ens ha presentat la seva confer\u00e8ncia sobre l&#8217;Alt Urgell i ens ha destacat la seva visita a Dinosfera a Coll de Narg\u00f3, just a l&#8217;Alt Urgell. Molt b\u00e9, \u00c0ngel!<br \/>\nSi voleu veure les imatges, cliqueu <a href=\"https:\/\/photos.app.goo.gl\/QKvGsv36Li38p3oA6\">aqu\u00ed<\/a>.<\/p>\n","protected":false},"author":7,"featured_media":3522,"comment_status":"open","ping_status":"closed","sticky":false,"template":"","format":"standard","meta":{"_bbp_topic_count":0,"_bbp_reply_count":0,"_bbp_total_topic_count":0,"_bbp_total_reply_count":0,"_bbp_voice_count":0,"_bbp_anonymous_reply_count":0,"_bbp_topic_count_hidden":0,"_bbp_reply_count_hidden":0,"_bbp_forum_subforum_count":0,"footnotes":""},"categories":[62],"tags":[],"class_list":["post-3521","post","type-post","status-publish","format-standard","has-post-thumbnail","hentry","category-cm"],"post_mailing_queue_ids":[],"_links":{"self":[{"href":"https:\/\/agora.xtec.cat\/ceipjoventutcallus\/wp-json\/wp\/v2\/posts\/3521","targetHints":{"allow":["GET"]}}],"collection":[{"href":"https:\/\/agora.xtec.cat\/ceipjoventutcallus\/wp-json\/wp\/v2\/posts"}],"about":[{"href":"https:\/\/agora.xtec.cat\/ceipjoventutcallus\/wp-json\/wp\/v2\/types\/post"}],"author":[{"embeddable":true,"href":"https:\/\/agora.xtec.cat\/ceipjoventutcallus\/wp-json\/wp\/v2\/users\/7"}],"replies":[{"embeddable":true,"href":"https:\/\/agora.xtec.cat\/ceipjoventutcallus\/wp-json\/wp\/v2\/comments?post=3521"}],"version-history":[{"count":2,"href":"https:\/\/agora.xtec.cat\/ceipjoventutcallus\/wp-json\/wp\/v2\/posts\/3521\/revisions"}],"predecessor-version":[{"id":3524,"href":"https:\/\/agora.xtec.cat\/ceipjoventutcallus\/wp-json\/wp\/v2\/posts\/3521\/revisions\/3524"}],"wp:featuredmedia":[{"embeddable":true,"href":"https:\/\/agora.xtec.cat\/ceipjoventutcallus\/wp-json\/wp\/v2\/media\/3522"}],"wp:attachment":[{"href":"https:\/\/agora.xtec.cat\/ceipjoventutcallus\/wp-json\/wp\/v2\/media?parent=3521"}],"wp:term":[{"taxonomy":"category","embeddable":true,"href":"https:\/\/agora.xtec.cat\/ceipjoventutcallus\/wp-json\/wp\/v2\/categories?post=3521"},{"taxonomy":"post_tag","embeddable":true,"href":"https:\/\/agora.xtec.cat\/ceipjoventutcallus\/wp-json\/wp\/v2\/tags?post=3521"}],"curies":[{"name":"wp","href":"https:\/\/api.w.org\/{rel}","templated":true}]}}