{"id":3495,"date":"2021-03-22T17:40:55","date_gmt":"2021-03-22T16:40:55","guid":{"rendered":"https:\/\/agora.xtec.cat\/ceipjoventutcallus\/?p=3495"},"modified":"2021-03-22T17:40:55","modified_gmt":"2021-03-22T16:40:55","slug":"expliquem-contes-9","status":"publish","type":"post","link":"https:\/\/agora.xtec.cat\/ceipjoventutcallus\/infantil\/expliquem-contes-9\/","title":{"rendered":"EXPLIQUEM CONTES"},"content":{"rendered":"<p style=\"text-align: center;\"><strong>AQUESTA SETMANA ENS HAN EXPLICAT EL CONTE:<\/strong><\/p>\n<p><strong>L&#8217;Alex\u00a0<\/strong>de la classe de &#8220;les bicicletes&#8221; ha explicat <strong>&#8220;Simba, el lle\u00f3&#8221;<span style=\"font-family: inherit; font-size: 1em;\">.\u00a0<\/span><\/strong>En Simba \u00e9s un entremaliat cadell de lle\u00f3 que, de tant en tant, s&#8217;escapa per veure altres animals. Li agraden les zebres, les girafes de coll llarg i els micos. Fins que un dia veu una cosa que no havia observat mai fins aleshores.<\/p>\n<p>Fant\u00e0stic Alex!<\/p>\n<p><a href=\"https:\/\/agora.xtec.cat\/ceipjoventutcallus\/wp-content\/uploads\/usu1947\/2021\/03\/ENS-EXPLIQUEM-UN-CONTE.jpg\"><img loading=\"lazy\" decoding=\"async\" class=\"alignnone size-medium wp-image-3496\" src=\"https:\/\/agora.xtec.cat\/ceipjoventutcallus\/wp-content\/uploads\/usu1947\/2021\/03\/ENS-EXPLIQUEM-UN-CONTE-300x213.jpg\" alt=\"\" width=\"300\" height=\"213\" srcset=\"https:\/\/agora.xtec.cat\/ceipjoventutcallus\/wp-content\/uploads\/usu1947\/2021\/03\/ENS-EXPLIQUEM-UN-CONTE-300x213.jpg 300w, https:\/\/agora.xtec.cat\/ceipjoventutcallus\/wp-content\/uploads\/usu1947\/2021\/03\/ENS-EXPLIQUEM-UN-CONTE-768x545.jpg 768w, https:\/\/agora.xtec.cat\/ceipjoventutcallus\/wp-content\/uploads\/usu1947\/2021\/03\/ENS-EXPLIQUEM-UN-CONTE-1024x727.jpg 1024w, https:\/\/agora.xtec.cat\/ceipjoventutcallus\/wp-content\/uploads\/usu1947\/2021\/03\/ENS-EXPLIQUEM-UN-CONTE.jpg 1747w\" sizes=\"auto, (max-width: 300px) 100vw, 300px\" \/><\/a><\/p>\n<p>Aquesta setmana, a la classe dels Peluixos , li ha tocat explicar el conte a la <strong>Maria.<\/strong> Ens ha dit que ha triat el conte de &#8220;LA VELLETA QUE NO PODIA PARLAR AMB NING\u00da&#8221; perqu\u00e8 li agrada molt. La protagonista \u00e9s una velleta que viu tota sola i es passa el dia cosint. Una nit , mentre cosia, van trucar a la porta. La porta es va obrir i van entrar dos peus grossos&#8230;!<\/p>\n<p>Molt b\u00e9 Maria!<\/p>\n<p><a href=\"https:\/\/agora.xtec.cat\/ceipjoventutcallus\/wp-content\/uploads\/usu1947\/2021\/03\/conte-maria.jpg\"><img loading=\"lazy\" decoding=\"async\" class=\"alignnone size-medium wp-image-3504\" src=\"https:\/\/agora.xtec.cat\/ceipjoventutcallus\/wp-content\/uploads\/usu1947\/2021\/03\/conte-maria-300x240.jpg\" alt=\"\" width=\"300\" height=\"240\" srcset=\"https:\/\/agora.xtec.cat\/ceipjoventutcallus\/wp-content\/uploads\/usu1947\/2021\/03\/conte-maria-300x240.jpg 300w, https:\/\/agora.xtec.cat\/ceipjoventutcallus\/wp-content\/uploads\/usu1947\/2021\/03\/conte-maria-768x614.jpg 768w, https:\/\/agora.xtec.cat\/ceipjoventutcallus\/wp-content\/uploads\/usu1947\/2021\/03\/conte-maria-1024x819.jpg 1024w, https:\/\/agora.xtec.cat\/ceipjoventutcallus\/wp-content\/uploads\/usu1947\/2021\/03\/conte-maria.jpg 2000w\" sizes=\"auto, (max-width: 300px) 100vw, 300px\" \/><\/a><\/p>\n<p>La <strong>Maria<\/strong> de la classe dels &#8220;globus aerost\u00e0tics&#8221; ens ha explicat el conte &#8220;<strong>El fil invisible<\/strong>&#8220;. Ens ha agradat a tots perqu\u00e8 tots estem conectats, amb la mare, amb la fam\u00edlia, amb els amics! Un conte amb molt sentiment.<\/p>\n<p><a href=\"https:\/\/agora.xtec.cat\/ceipjoventutcallus\/wp-content\/uploads\/usu1947\/2021\/03\/Mia-i-el-conte-El-fil-invisible.jpg\"><img loading=\"lazy\" decoding=\"async\" class=\"alignnone size-medium wp-image-3507\" src=\"https:\/\/agora.xtec.cat\/ceipjoventutcallus\/wp-content\/uploads\/usu1947\/2021\/03\/Mia-i-el-conte-El-fil-invisible-300x213.jpg\" alt=\"\" width=\"300\" height=\"213\" srcset=\"https:\/\/agora.xtec.cat\/ceipjoventutcallus\/wp-content\/uploads\/usu1947\/2021\/03\/Mia-i-el-conte-El-fil-invisible-300x213.jpg 300w, https:\/\/agora.xtec.cat\/ceipjoventutcallus\/wp-content\/uploads\/usu1947\/2021\/03\/Mia-i-el-conte-El-fil-invisible-768x545.jpg 768w, https:\/\/agora.xtec.cat\/ceipjoventutcallus\/wp-content\/uploads\/usu1947\/2021\/03\/Mia-i-el-conte-El-fil-invisible-1024x727.jpg 1024w, https:\/\/agora.xtec.cat\/ceipjoventutcallus\/wp-content\/uploads\/usu1947\/2021\/03\/Mia-i-el-conte-El-fil-invisible.jpg 1747w\" sizes=\"auto, (max-width: 300px) 100vw, 300px\" \/><\/a><\/p>\n","protected":false},"excerpt":{"rendered":"<p>AQUESTA SETMANA ENS HAN EXPLICAT EL CONTE:<br \/>\nL&#8217;Alex\u00a0de la classe de &#8220;les bicicletes&#8221; ha explicat &#8220;Simba, el lle\u00f3&#8221;.\u00a0En Simba \u00e9s un entremaliat cadell de lle\u00f3 que, de tant en tant, s&#8217;escapa per veure altres animals. Li agraden les zebres, les girafes de coll llarg i els&hellip;  <a href=\"https:\/\/agora.xtec.cat\/ceipjoventutcallus\/infantil\/expliquem-contes-9\/\" title=\"Read EXPLIQUEM CONTES\">Llegeix m\u00e9s\u00bb<\/a><\/p>\n","protected":false},"author":5,"featured_media":0,"comment_status":"closed","ping_status":"closed","sticky":false,"template":"","format":"standard","meta":{"_bbp_topic_count":0,"_bbp_reply_count":0,"_bbp_total_topic_count":0,"_bbp_total_reply_count":0,"_bbp_voice_count":0,"_bbp_anonymous_reply_count":0,"_bbp_topic_count_hidden":0,"_bbp_reply_count_hidden":0,"_bbp_forum_subforum_count":0,"footnotes":""},"categories":[2],"tags":[66,67,71],"class_list":["post-3495","post","type-post","status-publish","format-standard","hentry","category-infantil","tag-p4-p5-a","tag-p4-p5-c","tag-p4-p5b"],"post_mailing_queue_ids":[],"_links":{"self":[{"href":"https:\/\/agora.xtec.cat\/ceipjoventutcallus\/wp-json\/wp\/v2\/posts\/3495","targetHints":{"allow":["GET"]}}],"collection":[{"href":"https:\/\/agora.xtec.cat\/ceipjoventutcallus\/wp-json\/wp\/v2\/posts"}],"about":[{"href":"https:\/\/agora.xtec.cat\/ceipjoventutcallus\/wp-json\/wp\/v2\/types\/post"}],"author":[{"embeddable":true,"href":"https:\/\/agora.xtec.cat\/ceipjoventutcallus\/wp-json\/wp\/v2\/users\/5"}],"replies":[{"embeddable":true,"href":"https:\/\/agora.xtec.cat\/ceipjoventutcallus\/wp-json\/wp\/v2\/comments?post=3495"}],"version-history":[{"count":3,"href":"https:\/\/agora.xtec.cat\/ceipjoventutcallus\/wp-json\/wp\/v2\/posts\/3495\/revisions"}],"predecessor-version":[{"id":3508,"href":"https:\/\/agora.xtec.cat\/ceipjoventutcallus\/wp-json\/wp\/v2\/posts\/3495\/revisions\/3508"}],"wp:attachment":[{"href":"https:\/\/agora.xtec.cat\/ceipjoventutcallus\/wp-json\/wp\/v2\/media?parent=3495"}],"wp:term":[{"taxonomy":"category","embeddable":true,"href":"https:\/\/agora.xtec.cat\/ceipjoventutcallus\/wp-json\/wp\/v2\/categories?post=3495"},{"taxonomy":"post_tag","embeddable":true,"href":"https:\/\/agora.xtec.cat\/ceipjoventutcallus\/wp-json\/wp\/v2\/tags?post=3495"}],"curies":[{"name":"wp","href":"https:\/\/api.w.org\/{rel}","templated":true}]}}