{"id":3489,"date":"2021-03-18T18:30:48","date_gmt":"2021-03-18T17:30:48","guid":{"rendered":"https:\/\/agora.xtec.cat\/ceipjoventutcallus\/?p=3489"},"modified":"2021-03-18T18:31:11","modified_gmt":"2021-03-18T17:31:11","slug":"conferencia-de-la-lucia-el-bages","status":"publish","type":"post","link":"https:\/\/agora.xtec.cat\/ceipjoventutcallus\/cm\/conferencia-de-la-lucia-el-bages\/","title":{"rendered":"Confer\u00e8ncia de la Luc\u00eda &#8220;El Bages&#8221;"},"content":{"rendered":"<p>El dia 18 de mar\u00e7 de 2021, la Luc\u00eda ens ha presentat la seva confer\u00e8ncia sobre la comarca del Bages. Ens ha explicat coses i ens ha donat informacions sobre la nostra comarca i, al final, ens ha passat un v\u00eddeo molt bonic del Bages. Moltes gr\u00e0cies, Luc\u00eda!<\/p>\n<p>Si voleu veure les imatges, cliqueu <a href=\"https:\/\/photos.app.goo.gl\/Lb9dZet6sSu3fH897\">aqu\u00ed!<\/a><\/p>\n","protected":false},"excerpt":{"rendered":"<p>El dia 18 de mar\u00e7 de 2021, la Luc\u00eda ens ha presentat la seva confer\u00e8ncia sobre la comarca del Bages. Ens ha explicat coses i ens ha donat informacions sobre la nostra comarca i, al final, ens ha passat un v\u00eddeo molt bonic del Bages.&hellip;  <a href=\"https:\/\/agora.xtec.cat\/ceipjoventutcallus\/cm\/conferencia-de-la-lucia-el-bages\/\" title=\"Read Confer\u00e8ncia de la Luc\u00eda &#8220;El Bages&#8221;\">Llegeix m\u00e9s\u00bb<\/a><\/p>\n","protected":false},"author":7,"featured_media":3490,"comment_status":"open","ping_status":"closed","sticky":false,"template":"","format":"standard","meta":{"_bbp_topic_count":0,"_bbp_reply_count":0,"_bbp_total_topic_count":0,"_bbp_total_reply_count":0,"_bbp_voice_count":0,"_bbp_anonymous_reply_count":0,"_bbp_topic_count_hidden":0,"_bbp_reply_count_hidden":0,"_bbp_forum_subforum_count":0,"footnotes":""},"categories":[62],"tags":[],"class_list":["post-3489","post","type-post","status-publish","format-standard","has-post-thumbnail","hentry","category-cm"],"post_mailing_queue_ids":[],"_links":{"self":[{"href":"https:\/\/agora.xtec.cat\/ceipjoventutcallus\/wp-json\/wp\/v2\/posts\/3489","targetHints":{"allow":["GET"]}}],"collection":[{"href":"https:\/\/agora.xtec.cat\/ceipjoventutcallus\/wp-json\/wp\/v2\/posts"}],"about":[{"href":"https:\/\/agora.xtec.cat\/ceipjoventutcallus\/wp-json\/wp\/v2\/types\/post"}],"author":[{"embeddable":true,"href":"https:\/\/agora.xtec.cat\/ceipjoventutcallus\/wp-json\/wp\/v2\/users\/7"}],"replies":[{"embeddable":true,"href":"https:\/\/agora.xtec.cat\/ceipjoventutcallus\/wp-json\/wp\/v2\/comments?post=3489"}],"version-history":[{"count":2,"href":"https:\/\/agora.xtec.cat\/ceipjoventutcallus\/wp-json\/wp\/v2\/posts\/3489\/revisions"}],"predecessor-version":[{"id":3492,"href":"https:\/\/agora.xtec.cat\/ceipjoventutcallus\/wp-json\/wp\/v2\/posts\/3489\/revisions\/3492"}],"wp:featuredmedia":[{"embeddable":true,"href":"https:\/\/agora.xtec.cat\/ceipjoventutcallus\/wp-json\/wp\/v2\/media\/3490"}],"wp:attachment":[{"href":"https:\/\/agora.xtec.cat\/ceipjoventutcallus\/wp-json\/wp\/v2\/media?parent=3489"}],"wp:term":[{"taxonomy":"category","embeddable":true,"href":"https:\/\/agora.xtec.cat\/ceipjoventutcallus\/wp-json\/wp\/v2\/categories?post=3489"},{"taxonomy":"post_tag","embeddable":true,"href":"https:\/\/agora.xtec.cat\/ceipjoventutcallus\/wp-json\/wp\/v2\/tags?post=3489"}],"curies":[{"name":"wp","href":"https:\/\/api.w.org\/{rel}","templated":true}]}}