{"id":3479,"date":"2021-03-17T22:53:26","date_gmt":"2021-03-17T21:53:26","guid":{"rendered":"https:\/\/agora.xtec.cat\/ceipjoventutcallus\/?p=3479"},"modified":"2021-03-17T22:53:26","modified_gmt":"2021-03-17T21:53:26","slug":"conferencia-aleix-serra","status":"publish","type":"post","link":"https:\/\/agora.xtec.cat\/ceipjoventutcallus\/cm\/conferencia-aleix-serra\/","title":{"rendered":"Confer\u00e8ncia Aleix Serra"},"content":{"rendered":"<p>&#8220;EL CONILL&#8221;<\/p>\n<p>Dilluns, 15 de mar\u00e7 l&#8217;Aleix ens va presentar la confer\u00e8ncia sobre &#8220;el conill&#8221;. Ens va explicar les principals caracter\u00edstiques d&#8217;aquest animal i altres curiositats. L&#8217;Aleix hi ent\u00e9n molt de conills perqu\u00e8 la seva mascota, la Rufa, \u00e9s una conilleta preciosa que un dia vam tenir el plaer de con\u00e8ixer.<\/p>\n<p>Moltes gr\u00e0cies Aleix!!<\/p>\n<p>Per veure les fotos cliqueu <a href=\"https:\/\/photos.app.goo.gl\/qJsiuuJtQZ3hrSHv8\">aqu\u00ed<\/a>.<\/p>\n","protected":false},"excerpt":{"rendered":"<p>&#8220;EL CONILL&#8221;<br \/>\nDilluns, 15 de mar\u00e7 l&#8217;Aleix ens va presentar la confer\u00e8ncia sobre &#8220;el conill&#8221;. Ens va explicar les principals caracter\u00edstiques d&#8217;aquest animal i altres curiositats. L&#8217;Aleix hi ent\u00e9n molt de conills perqu\u00e8 la seva mascota, la Rufa, \u00e9s una conilleta preciosa que un dia vam&hellip;  <a href=\"https:\/\/agora.xtec.cat\/ceipjoventutcallus\/cm\/conferencia-aleix-serra\/\" title=\"Read Confer\u00e8ncia Aleix Serra\">Llegeix m\u00e9s\u00bb<\/a><\/p>\n","protected":false},"author":7,"featured_media":3480,"comment_status":"closed","ping_status":"closed","sticky":false,"template":"","format":"standard","meta":{"_bbp_topic_count":0,"_bbp_reply_count":0,"_bbp_total_topic_count":0,"_bbp_total_reply_count":0,"_bbp_voice_count":0,"_bbp_anonymous_reply_count":0,"_bbp_topic_count_hidden":0,"_bbp_reply_count_hidden":0,"_bbp_forum_subforum_count":0,"footnotes":""},"categories":[62],"tags":[],"class_list":["post-3479","post","type-post","status-publish","format-standard","has-post-thumbnail","hentry","category-cm"],"post_mailing_queue_ids":[],"_links":{"self":[{"href":"https:\/\/agora.xtec.cat\/ceipjoventutcallus\/wp-json\/wp\/v2\/posts\/3479","targetHints":{"allow":["GET"]}}],"collection":[{"href":"https:\/\/agora.xtec.cat\/ceipjoventutcallus\/wp-json\/wp\/v2\/posts"}],"about":[{"href":"https:\/\/agora.xtec.cat\/ceipjoventutcallus\/wp-json\/wp\/v2\/types\/post"}],"author":[{"embeddable":true,"href":"https:\/\/agora.xtec.cat\/ceipjoventutcallus\/wp-json\/wp\/v2\/users\/7"}],"replies":[{"embeddable":true,"href":"https:\/\/agora.xtec.cat\/ceipjoventutcallus\/wp-json\/wp\/v2\/comments?post=3479"}],"version-history":[{"count":1,"href":"https:\/\/agora.xtec.cat\/ceipjoventutcallus\/wp-json\/wp\/v2\/posts\/3479\/revisions"}],"predecessor-version":[{"id":3481,"href":"https:\/\/agora.xtec.cat\/ceipjoventutcallus\/wp-json\/wp\/v2\/posts\/3479\/revisions\/3481"}],"wp:featuredmedia":[{"embeddable":true,"href":"https:\/\/agora.xtec.cat\/ceipjoventutcallus\/wp-json\/wp\/v2\/media\/3480"}],"wp:attachment":[{"href":"https:\/\/agora.xtec.cat\/ceipjoventutcallus\/wp-json\/wp\/v2\/media?parent=3479"}],"wp:term":[{"taxonomy":"category","embeddable":true,"href":"https:\/\/agora.xtec.cat\/ceipjoventutcallus\/wp-json\/wp\/v2\/categories?post=3479"},{"taxonomy":"post_tag","embeddable":true,"href":"https:\/\/agora.xtec.cat\/ceipjoventutcallus\/wp-json\/wp\/v2\/tags?post=3479"}],"curies":[{"name":"wp","href":"https:\/\/api.w.org\/{rel}","templated":true}]}}