{"id":3444,"date":"2021-03-12T13:20:17","date_gmt":"2021-03-12T12:20:17","guid":{"rendered":"https:\/\/agora.xtec.cat\/ceipjoventutcallus\/?p=3444"},"modified":"2021-03-12T13:20:17","modified_gmt":"2021-03-12T12:20:17","slug":"deixalleria-mobil-a-lescola","status":"publish","type":"post","link":"https:\/\/agora.xtec.cat\/ceipjoventutcallus\/ci\/deixalleria-mobil-a-lescola\/","title":{"rendered":"DEIXALLERIA M\u00d2BIL A L&#8217;ESCOLA"},"content":{"rendered":"<p>Aquest dimecres i dijous va venir la deixalleria m\u00f2bil a l&#8217;escola. Vam realitzar una activitat a l&#8217;aula sobre la selecci\u00f3 de residus i despr\u00e9s vam veure la deixallaria m\u00f2bil que la teniem aparcada al pati. Aqu\u00ed teniu l&#8217;enlla\u00e7 per poder veure les fotos.<\/p>\n<p><a href=\"https:\/\/photos.app.goo.gl\/87SrgZNHpFpjd3MW8\" target=\"_blank\" rel=\"noopener noreferrer\">https:\/\/photos.app.goo.gl\/87SrgZNHpFpjd3MW8<\/a><\/p>\n","protected":false},"excerpt":{"rendered":"<p>Aquest dimecres i dijous va venir la deixalleria m\u00f2bil a l&#8217;escola. Vam realitzar una activitat a l&#8217;aula sobre la selecci\u00f3 de residus i despr\u00e9s vam veure la deixallaria m\u00f2bil que la teniem aparcada al pati. Aqu\u00ed teniu l&#8217;enlla\u00e7 per poder veure les fotos.<br \/>\n<a href=\"https:\/\/photos.app.goo.gl\/87SrgZNHpFpjd3MW8\" target=\"_blank\"&hellip;  <a href=\"https:\/\/agora.xtec.cat\/ceipjoventutcallus\/ci\/deixalleria-mobil-a-lescola\/\" title=\"Read DEIXALLERIA M\u00d2BIL A L&#8217;ESCOLA\">Llegeix m\u00e9s\u00bb<\/a><\/p>\n","protected":false},"author":6,"featured_media":0,"comment_status":"open","ping_status":"closed","sticky":false,"template":"","format":"standard","meta":{"_bbp_topic_count":0,"_bbp_reply_count":0,"_bbp_total_topic_count":0,"_bbp_total_reply_count":0,"_bbp_voice_count":0,"_bbp_anonymous_reply_count":0,"_bbp_topic_count_hidden":0,"_bbp_reply_count_hidden":0,"_bbp_forum_subforum_count":0,"footnotes":""},"categories":[61],"tags":[74],"class_list":["post-3444","post","type-post","status-publish","format-standard","hentry","category-ci","tag-activitats-aula"],"post_mailing_queue_ids":[],"_links":{"self":[{"href":"https:\/\/agora.xtec.cat\/ceipjoventutcallus\/wp-json\/wp\/v2\/posts\/3444","targetHints":{"allow":["GET"]}}],"collection":[{"href":"https:\/\/agora.xtec.cat\/ceipjoventutcallus\/wp-json\/wp\/v2\/posts"}],"about":[{"href":"https:\/\/agora.xtec.cat\/ceipjoventutcallus\/wp-json\/wp\/v2\/types\/post"}],"author":[{"embeddable":true,"href":"https:\/\/agora.xtec.cat\/ceipjoventutcallus\/wp-json\/wp\/v2\/users\/6"}],"replies":[{"embeddable":true,"href":"https:\/\/agora.xtec.cat\/ceipjoventutcallus\/wp-json\/wp\/v2\/comments?post=3444"}],"version-history":[{"count":2,"href":"https:\/\/agora.xtec.cat\/ceipjoventutcallus\/wp-json\/wp\/v2\/posts\/3444\/revisions"}],"predecessor-version":[{"id":3446,"href":"https:\/\/agora.xtec.cat\/ceipjoventutcallus\/wp-json\/wp\/v2\/posts\/3444\/revisions\/3446"}],"wp:attachment":[{"href":"https:\/\/agora.xtec.cat\/ceipjoventutcallus\/wp-json\/wp\/v2\/media?parent=3444"}],"wp:term":[{"taxonomy":"category","embeddable":true,"href":"https:\/\/agora.xtec.cat\/ceipjoventutcallus\/wp-json\/wp\/v2\/categories?post=3444"},{"taxonomy":"post_tag","embeddable":true,"href":"https:\/\/agora.xtec.cat\/ceipjoventutcallus\/wp-json\/wp\/v2\/tags?post=3444"}],"curies":[{"name":"wp","href":"https:\/\/api.w.org\/{rel}","templated":true}]}}