{"id":3428,"date":"2021-03-10T15:44:01","date_gmt":"2021-03-10T14:44:01","guid":{"rendered":"https:\/\/agora.xtec.cat\/ceipjoventutcallus\/?p=3428"},"modified":"2021-03-10T15:44:01","modified_gmt":"2021-03-10T14:44:01","slug":"p3-presentem-la-lletra-8","status":"publish","type":"post","link":"https:\/\/agora.xtec.cat\/ceipjoventutcallus\/infantil\/p3-presentem-la-lletra-8\/","title":{"rendered":"P3 PRESENTEM LA LLETRA"},"content":{"rendered":"<p>EL DIMECRES PASSAT, L&#8217;<strong>\u00c1LVARO<\/strong> ENS VA PRESENTAR LA SEVA LLETRA, LA <strong>A<\/strong>, FETA DE MAONS, PALLA I TRONCS. ENS VA EXPLICAR COM HO HAVIA ENGANXAT I TAMB\u00c9 QUE TANT ANIMALS COM AMICS COMENCEN PER LA SEVA LLETRA. A M\u00c9S, T\u00c9 UN BURRO QUE EL SEU NOM COMEN\u00c7A PER LA\u00a0 A, I MOLTS AMICS QUE TAMB\u00c9 COMENCEN PER LA MATEIXA LLETRA.<\/p>\n<p>DESPR\u00c9S VAM SORTIR A LA PISSARRA\u00a0 ESCRIURE LA LLETRA, A QUI LA MAJORIA ELS HI VA SORTIR, PERQU\u00c8 MOLTS I MOLTES\u00a0 LA TENEN EN EL SEU NOM. FINALMENT, PER PETITS GRUPS VAM ANAR A VEURE I TOCAR LA LLETRA DE M\u00c9S A PROP.<\/p>\n<figure class=\"figure wp-caption alignnone\"><a href=\"https:\/\/photos.app.goo.gl\/CMfoaNiJUFM9AXTm9\"><img loading=\"lazy\" decoding=\"async\" class=\"size-medium wp-image-3430\" src=\"https:\/\/agora.xtec.cat\/ceipjoventutcallus\/wp-content\/uploads\/usu1947\/2021\/03\/IMG_20210303_102244-1-225x300.jpg\" alt=\"\" width=\"225\" height=\"300\" srcset=\"https:\/\/agora.xtec.cat\/ceipjoventutcallus\/wp-content\/uploads\/usu1947\/2021\/03\/IMG_20210303_102244-1-225x300.jpg 225w, https:\/\/agora.xtec.cat\/ceipjoventutcallus\/wp-content\/uploads\/usu1947\/2021\/03\/IMG_20210303_102244-1-768x1024.jpg 768w\" sizes=\"auto, (max-width: 225px) 100vw, 225px\" \/><\/a><figcaption class=\"wp-caption-text\">Cliqueu l&#8217;imatge per veure la resta de fotos<\/figcaption><\/figure>\n","protected":false},"excerpt":{"rendered":"<p>EL DIMECRES PASSAT, L&#8217;\u00c1LVARO ENS VA PRESENTAR LA SEVA LLETRA, LA A, FETA DE MAONS, PALLA I TRONCS. ENS VA EXPLICAR COM HO HAVIA ENGANXAT I TAMB\u00c9 QUE TANT ANIMALS COM AMICS COMENCEN PER LA SEVA LLETRA. A M\u00c9S, T\u00c9 UN BURRO QUE EL SEU&hellip;  <a href=\"https:\/\/agora.xtec.cat\/ceipjoventutcallus\/infantil\/p3-presentem-la-lletra-8\/\" title=\"Read P3 PRESENTEM LA LLETRA\">Llegeix m\u00e9s\u00bb<\/a><\/p>\n","protected":false},"author":5,"featured_media":0,"comment_status":"closed","ping_status":"closed","sticky":false,"template":"","format":"standard","meta":{"_bbp_topic_count":0,"_bbp_reply_count":0,"_bbp_total_topic_count":0,"_bbp_total_reply_count":0,"_bbp_voice_count":0,"_bbp_anonymous_reply_count":0,"_bbp_topic_count_hidden":0,"_bbp_reply_count_hidden":0,"_bbp_forum_subforum_count":0,"footnotes":""},"categories":[2],"tags":[73,65],"class_list":["post-3428","post","type-post","status-publish","format-standard","hentry","category-infantil","tag-lletra-inicial","tag-p3"],"post_mailing_queue_ids":[],"_links":{"self":[{"href":"https:\/\/agora.xtec.cat\/ceipjoventutcallus\/wp-json\/wp\/v2\/posts\/3428","targetHints":{"allow":["GET"]}}],"collection":[{"href":"https:\/\/agora.xtec.cat\/ceipjoventutcallus\/wp-json\/wp\/v2\/posts"}],"about":[{"href":"https:\/\/agora.xtec.cat\/ceipjoventutcallus\/wp-json\/wp\/v2\/types\/post"}],"author":[{"embeddable":true,"href":"https:\/\/agora.xtec.cat\/ceipjoventutcallus\/wp-json\/wp\/v2\/users\/5"}],"replies":[{"embeddable":true,"href":"https:\/\/agora.xtec.cat\/ceipjoventutcallus\/wp-json\/wp\/v2\/comments?post=3428"}],"version-history":[{"count":2,"href":"https:\/\/agora.xtec.cat\/ceipjoventutcallus\/wp-json\/wp\/v2\/posts\/3428\/revisions"}],"predecessor-version":[{"id":3432,"href":"https:\/\/agora.xtec.cat\/ceipjoventutcallus\/wp-json\/wp\/v2\/posts\/3428\/revisions\/3432"}],"wp:attachment":[{"href":"https:\/\/agora.xtec.cat\/ceipjoventutcallus\/wp-json\/wp\/v2\/media?parent=3428"}],"wp:term":[{"taxonomy":"category","embeddable":true,"href":"https:\/\/agora.xtec.cat\/ceipjoventutcallus\/wp-json\/wp\/v2\/categories?post=3428"},{"taxonomy":"post_tag","embeddable":true,"href":"https:\/\/agora.xtec.cat\/ceipjoventutcallus\/wp-json\/wp\/v2\/tags?post=3428"}],"curies":[{"name":"wp","href":"https:\/\/api.w.org\/{rel}","templated":true}]}}