{"id":3403,"date":"2021-03-07T18:44:03","date_gmt":"2021-03-07T17:44:03","guid":{"rendered":"https:\/\/agora.xtec.cat\/ceipjoventutcallus\/?p=3403"},"modified":"2021-03-07T18:44:39","modified_gmt":"2021-03-07T17:44:39","slug":"conferencia-sobre-lerico","status":"publish","type":"post","link":"https:\/\/agora.xtec.cat\/ceipjoventutcallus\/cm\/conferencia-sobre-lerico\/","title":{"rendered":"Confer\u00e8ncia sobre l&#8217;eri\u00e7\u00f3"},"content":{"rendered":"<p>L&#8217;Arnau Carn\u00e9 ens va oferir una confer\u00e8ncia sobre els eri\u00e7ons, uns mam\u00edfers petites plens de pues molt interessants. Se la va preparar molt b\u00e9 i ens va explicar moltes curiositats que no sab\u00edem.<\/p>\n<p>Moltes gr\u00e0cies Arnau!!<\/p>\n<p>Mireu les fotos clicant <a href=\"https:\/\/photos.app.goo.gl\/nTXTWq3KpW7dZaJ39\" target=\"_blank\" rel=\"noopener noreferrer\">aqu\u00ed<\/a><\/p>\n","protected":false},"excerpt":{"rendered":"<p>L&#8217;Arnau Carn\u00e9 ens va oferir una confer\u00e8ncia sobre els eri\u00e7ons, uns mam\u00edfers petites plens de pues molt interessants. Se la va preparar molt b\u00e9 i ens va explicar moltes curiositats que no sab\u00edem.<br \/>\nMoltes gr\u00e0cies Arnau!!<br \/>\nMireu les fotos clicant <a href=\"https:\/\/photos.app.goo.gl\/nTXTWq3KpW7dZaJ39\" target=\"_blank\" rel=\"noopener noreferrer\">aqu\u00ed<\/a><\/p>\n","protected":false},"author":7,"featured_media":3405,"comment_status":"closed","ping_status":"closed","sticky":false,"template":"","format":"standard","meta":{"_bbp_topic_count":0,"_bbp_reply_count":0,"_bbp_total_topic_count":0,"_bbp_total_reply_count":0,"_bbp_voice_count":0,"_bbp_anonymous_reply_count":0,"_bbp_topic_count_hidden":0,"_bbp_reply_count_hidden":0,"_bbp_forum_subforum_count":0,"footnotes":""},"categories":[62],"tags":[],"class_list":["post-3403","post","type-post","status-publish","format-standard","has-post-thumbnail","hentry","category-cm"],"post_mailing_queue_ids":[],"_links":{"self":[{"href":"https:\/\/agora.xtec.cat\/ceipjoventutcallus\/wp-json\/wp\/v2\/posts\/3403","targetHints":{"allow":["GET"]}}],"collection":[{"href":"https:\/\/agora.xtec.cat\/ceipjoventutcallus\/wp-json\/wp\/v2\/posts"}],"about":[{"href":"https:\/\/agora.xtec.cat\/ceipjoventutcallus\/wp-json\/wp\/v2\/types\/post"}],"author":[{"embeddable":true,"href":"https:\/\/agora.xtec.cat\/ceipjoventutcallus\/wp-json\/wp\/v2\/users\/7"}],"replies":[{"embeddable":true,"href":"https:\/\/agora.xtec.cat\/ceipjoventutcallus\/wp-json\/wp\/v2\/comments?post=3403"}],"version-history":[{"count":1,"href":"https:\/\/agora.xtec.cat\/ceipjoventutcallus\/wp-json\/wp\/v2\/posts\/3403\/revisions"}],"predecessor-version":[{"id":3406,"href":"https:\/\/agora.xtec.cat\/ceipjoventutcallus\/wp-json\/wp\/v2\/posts\/3403\/revisions\/3406"}],"wp:featuredmedia":[{"embeddable":true,"href":"https:\/\/agora.xtec.cat\/ceipjoventutcallus\/wp-json\/wp\/v2\/media\/3405"}],"wp:attachment":[{"href":"https:\/\/agora.xtec.cat\/ceipjoventutcallus\/wp-json\/wp\/v2\/media?parent=3403"}],"wp:term":[{"taxonomy":"category","embeddable":true,"href":"https:\/\/agora.xtec.cat\/ceipjoventutcallus\/wp-json\/wp\/v2\/categories?post=3403"},{"taxonomy":"post_tag","embeddable":true,"href":"https:\/\/agora.xtec.cat\/ceipjoventutcallus\/wp-json\/wp\/v2\/tags?post=3403"}],"curies":[{"name":"wp","href":"https:\/\/api.w.org\/{rel}","templated":true}]}}