{"id":3354,"date":"2021-03-08T17:44:24","date_gmt":"2021-03-08T16:44:24","guid":{"rendered":"https:\/\/agora.xtec.cat\/ceipjoventutcallus\/?p=3354"},"modified":"2021-03-08T17:44:24","modified_gmt":"2021-03-08T16:44:24","slug":"expliquem-contes-7","status":"publish","type":"post","link":"https:\/\/agora.xtec.cat\/ceipjoventutcallus\/infantil\/expliquem-contes-7\/","title":{"rendered":"EXPLIQUEM CONTES"},"content":{"rendered":"<p style=\"text-align: center;\"><strong>AQUESTA SETMANA ENS HAN EXPLICAT EL CONTE:<\/strong><\/p>\n<p>L&#8217;<strong>Evian<\/strong>\u00a0de la classe de &#8220;les bicicletes&#8221; ha explicat <strong>&#8220;Beb\u00e8saures: l&#8217;hora de dormir<\/strong><strong style=\"font-family: inherit; font-size: 1em;\">&#8220;<\/strong><span style=\"font-family: inherit; font-size: 1em;\">. Els Beb\u00e8Saures, com si fossin beb\u00e8s humans, mengen, juguen, es banyen i dormen. Un conte amb moltes sorpreses per descobrir!<\/span><\/p>\n<p>Molt b\u00e9 Evian!<\/p>\n<p><a href=\"https:\/\/agora.xtec.cat\/ceipjoventutcallus\/wp-content\/uploads\/usu1947\/2021\/03\/ENS-EXPLIQUEM-UN-CONTE-5.jpg\"><img loading=\"lazy\" decoding=\"async\" class=\"alignnone size-medium wp-image-3355\" src=\"https:\/\/agora.xtec.cat\/ceipjoventutcallus\/wp-content\/uploads\/usu1947\/2021\/03\/ENS-EXPLIQUEM-UN-CONTE-5-300x213.jpg\" alt=\"\" width=\"300\" height=\"213\" srcset=\"https:\/\/agora.xtec.cat\/ceipjoventutcallus\/wp-content\/uploads\/usu1947\/2021\/03\/ENS-EXPLIQUEM-UN-CONTE-5-300x213.jpg 300w, https:\/\/agora.xtec.cat\/ceipjoventutcallus\/wp-content\/uploads\/usu1947\/2021\/03\/ENS-EXPLIQUEM-UN-CONTE-5-768x545.jpg 768w, https:\/\/agora.xtec.cat\/ceipjoventutcallus\/wp-content\/uploads\/usu1947\/2021\/03\/ENS-EXPLIQUEM-UN-CONTE-5-1024x727.jpg 1024w, https:\/\/agora.xtec.cat\/ceipjoventutcallus\/wp-content\/uploads\/usu1947\/2021\/03\/ENS-EXPLIQUEM-UN-CONTE-5.jpg 1747w\" sizes=\"auto, (max-width: 300px) 100vw, 300px\" \/><\/a><\/p>\n<p>A la classe dels globus aerost\u00e0tics en NIL ens ha explicat el conte EL CONILL<\/p>\n<p><a href=\"https:\/\/agora.xtec.cat\/ceipjoventutcallus\/wp-content\/uploads\/usu1947\/2021\/03\/NIL.jpg\"><img loading=\"lazy\" decoding=\"async\" class=\"alignnone size-medium wp-image-3413\" src=\"https:\/\/agora.xtec.cat\/ceipjoventutcallus\/wp-content\/uploads\/usu1947\/2021\/03\/NIL-300x213.jpg\" alt=\"\" width=\"300\" height=\"213\" srcset=\"https:\/\/agora.xtec.cat\/ceipjoventutcallus\/wp-content\/uploads\/usu1947\/2021\/03\/NIL-300x213.jpg 300w, https:\/\/agora.xtec.cat\/ceipjoventutcallus\/wp-content\/uploads\/usu1947\/2021\/03\/NIL-768x545.jpg 768w, https:\/\/agora.xtec.cat\/ceipjoventutcallus\/wp-content\/uploads\/usu1947\/2021\/03\/NIL.jpg 1024w\" sizes=\"auto, (max-width: 300px) 100vw, 300px\" \/><\/a><\/p>\n<p>El <strong>LLUC<\/strong>\u00a0 de la classe dels <strong>Peluixos<\/strong> ens ha explicat l&#8217;aventura a bord d&#8217;un vaixell pirata, d&#8217;un nen que es diu com ell,\u00a0<strong> &#8220;EN LLUC \u00c9S UN PIRATA&#8221;<\/strong>.<\/p>\n<p>Molt emocionant !!!<\/p>\n<p><a href=\"https:\/\/agora.xtec.cat\/ceipjoventutcallus\/wp-content\/uploads\/usu1947\/2021\/03\/el-lluc-ens-explica-el-conte-_-1.jpg\"><img loading=\"lazy\" decoding=\"async\" class=\"alignnone size-medium wp-image-3415\" src=\"https:\/\/agora.xtec.cat\/ceipjoventutcallus\/wp-content\/uploads\/usu1947\/2021\/03\/el-lluc-ens-explica-el-conte-_-1-300x213.jpg\" alt=\"\" width=\"300\" height=\"213\" srcset=\"https:\/\/agora.xtec.cat\/ceipjoventutcallus\/wp-content\/uploads\/usu1947\/2021\/03\/el-lluc-ens-explica-el-conte-_-1-300x213.jpg 300w, https:\/\/agora.xtec.cat\/ceipjoventutcallus\/wp-content\/uploads\/usu1947\/2021\/03\/el-lluc-ens-explica-el-conte-_-1-768x545.jpg 768w, https:\/\/agora.xtec.cat\/ceipjoventutcallus\/wp-content\/uploads\/usu1947\/2021\/03\/el-lluc-ens-explica-el-conte-_-1-1024x727.jpg 1024w, https:\/\/agora.xtec.cat\/ceipjoventutcallus\/wp-content\/uploads\/usu1947\/2021\/03\/el-lluc-ens-explica-el-conte-_-1.jpg 1747w\" sizes=\"auto, (max-width: 300px) 100vw, 300px\" \/><\/a><\/p>\n","protected":false},"excerpt":{"rendered":"<p>AQUESTA SETMANA ENS HAN EXPLICAT EL CONTE:<br \/>\nL&#8217;Evian\u00a0de la classe de &#8220;les bicicletes&#8221; ha explicat &#8220;Beb\u00e8saures: l&#8217;hora de dormir&#8220;. Els Beb\u00e8Saures, com si fossin beb\u00e8s humans, mengen, juguen, es banyen i dormen. Un conte amb moltes sorpreses per descobrir!<br \/>\nMolt b\u00e9 Evian!<br \/>\n<a href=\"https:\/\/agora.xtec.cat\/ceipjoventutcallus\/wp-content\/uploads\/usu1947\/2021\/03\/ENS-EXPLIQUEM-UN-CONTE-5.jpg\"><\/a><br \/>\nA la classe dels globus&hellip;  <a href=\"https:\/\/agora.xtec.cat\/ceipjoventutcallus\/infantil\/expliquem-contes-7\/\" title=\"Read EXPLIQUEM CONTES\">Llegeix m\u00e9s\u00bb<\/a><\/p>\n","protected":false},"author":5,"featured_media":0,"comment_status":"closed","ping_status":"closed","sticky":false,"template":"","format":"standard","meta":{"_bbp_topic_count":0,"_bbp_reply_count":0,"_bbp_total_topic_count":0,"_bbp_total_reply_count":0,"_bbp_voice_count":0,"_bbp_anonymous_reply_count":0,"_bbp_topic_count_hidden":0,"_bbp_reply_count_hidden":0,"_bbp_forum_subforum_count":0,"footnotes":""},"categories":[2],"tags":[66,67,71],"class_list":["post-3354","post","type-post","status-publish","format-standard","hentry","category-infantil","tag-p4-p5-a","tag-p4-p5-c","tag-p4-p5b"],"post_mailing_queue_ids":[],"_links":{"self":[{"href":"https:\/\/agora.xtec.cat\/ceipjoventutcallus\/wp-json\/wp\/v2\/posts\/3354","targetHints":{"allow":["GET"]}}],"collection":[{"href":"https:\/\/agora.xtec.cat\/ceipjoventutcallus\/wp-json\/wp\/v2\/posts"}],"about":[{"href":"https:\/\/agora.xtec.cat\/ceipjoventutcallus\/wp-json\/wp\/v2\/types\/post"}],"author":[{"embeddable":true,"href":"https:\/\/agora.xtec.cat\/ceipjoventutcallus\/wp-json\/wp\/v2\/users\/5"}],"replies":[{"embeddable":true,"href":"https:\/\/agora.xtec.cat\/ceipjoventutcallus\/wp-json\/wp\/v2\/comments?post=3354"}],"version-history":[{"count":3,"href":"https:\/\/agora.xtec.cat\/ceipjoventutcallus\/wp-json\/wp\/v2\/posts\/3354\/revisions"}],"predecessor-version":[{"id":3416,"href":"https:\/\/agora.xtec.cat\/ceipjoventutcallus\/wp-json\/wp\/v2\/posts\/3354\/revisions\/3416"}],"wp:attachment":[{"href":"https:\/\/agora.xtec.cat\/ceipjoventutcallus\/wp-json\/wp\/v2\/media?parent=3354"}],"wp:term":[{"taxonomy":"category","embeddable":true,"href":"https:\/\/agora.xtec.cat\/ceipjoventutcallus\/wp-json\/wp\/v2\/categories?post=3354"},{"taxonomy":"post_tag","embeddable":true,"href":"https:\/\/agora.xtec.cat\/ceipjoventutcallus\/wp-json\/wp\/v2\/tags?post=3354"}],"curies":[{"name":"wp","href":"https:\/\/api.w.org\/{rel}","templated":true}]}}