{"id":3334,"date":"2021-03-02T14:28:02","date_gmt":"2021-03-02T13:28:02","guid":{"rendered":"https:\/\/agora.xtec.cat\/ceipjoventutcallus\/?p=3334"},"modified":"2021-03-02T14:28:02","modified_gmt":"2021-03-02T13:28:02","slug":"p3-presentem-la-lletra-7","status":"publish","type":"post","link":"https:\/\/agora.xtec.cat\/ceipjoventutcallus\/infantil\/p3-presentem-la-lletra-7\/","title":{"rendered":"P3 PRESENTEM LA LLETRA"},"content":{"rendered":"<p>A P3 CONTINUEM PRESENTANT LLETRES. EL DIMECRES LI VA TOCAR A LA<strong> BRUNA<\/strong>, I ENS VA PRESENTAR LA<strong> B\u00a0<\/strong>FETA DE FANG I PINTADA DE DIFERENTS COLORS. TAMB\u00c9 HI VA ENGANXAR UNS QUANTS DIBUIXOS, PINTATS PER ELLA, DE COSES QUE COMENCEN PER LA SEVA LLETRA, COM BALENA, BARRET, BOLET, BATA, BICICLETA,&#8230;<\/p>\n<p>DESPR\u00c9S VAM PRACTICAR LA LLETRA A LA PISSARRA, LA QUAL ENS VA COSTAR UNA MICA PERQU\u00c8 \u00c9S DIF\u00cdCIL DE FER, PER\u00d2 TOTS HO VAM INTENTAR. PER \u00daLTIM, PER GRUPS VAM OBSERVAR LA LLETRA DE M\u00c9S A PROP I LES FOTOS QUE VA PORTAR.<\/p>\n<figure class=\"figure wp-caption aligncenter\"><a href=\"https:\/\/photos.app.goo.gl\/w1bywcPHsSQApiTV6\"><img loading=\"lazy\" decoding=\"async\" class=\"size-medium wp-image-3335\" src=\"https:\/\/agora.xtec.cat\/ceipjoventutcallus\/wp-content\/uploads\/usu1947\/2021\/03\/IMG_20210224_121759-225x300.jpg\" alt=\"\" width=\"225\" height=\"300\" srcset=\"https:\/\/agora.xtec.cat\/ceipjoventutcallus\/wp-content\/uploads\/usu1947\/2021\/03\/IMG_20210224_121759-225x300.jpg 225w, https:\/\/agora.xtec.cat\/ceipjoventutcallus\/wp-content\/uploads\/usu1947\/2021\/03\/IMG_20210224_121759-768x1024.jpg 768w\" sizes=\"auto, (max-width: 225px) 100vw, 225px\" \/><\/a><figcaption class=\"wp-caption-text\">Cliqueu sobre la foto per veure la resta<\/figcaption><\/figure>\n","protected":false},"excerpt":{"rendered":"<p>A P3 CONTINUEM PRESENTANT LLETRES. EL DIMECRES LI VA TOCAR A LA BRUNA, I ENS VA PRESENTAR LA B\u00a0FETA DE FANG I PINTADA DE DIFERENTS COLORS. TAMB\u00c9 HI VA ENGANXAR UNS QUANTS DIBUIXOS, PINTATS PER ELLA, DE COSES QUE COMENCEN PER LA SEVA LLETRA, COM&hellip;  <a href=\"https:\/\/agora.xtec.cat\/ceipjoventutcallus\/infantil\/p3-presentem-la-lletra-7\/\" title=\"Read P3 PRESENTEM LA LLETRA\">Llegeix m\u00e9s\u00bb<\/a><\/p>\n","protected":false},"author":5,"featured_media":0,"comment_status":"closed","ping_status":"closed","sticky":false,"template":"","format":"standard","meta":{"_bbp_topic_count":0,"_bbp_reply_count":0,"_bbp_total_topic_count":0,"_bbp_total_reply_count":0,"_bbp_voice_count":0,"_bbp_anonymous_reply_count":0,"_bbp_topic_count_hidden":0,"_bbp_reply_count_hidden":0,"_bbp_forum_subforum_count":0,"footnotes":""},"categories":[2],"tags":[73,65],"class_list":["post-3334","post","type-post","status-publish","format-standard","hentry","category-infantil","tag-lletra-inicial","tag-p3"],"post_mailing_queue_ids":[],"_links":{"self":[{"href":"https:\/\/agora.xtec.cat\/ceipjoventutcallus\/wp-json\/wp\/v2\/posts\/3334","targetHints":{"allow":["GET"]}}],"collection":[{"href":"https:\/\/agora.xtec.cat\/ceipjoventutcallus\/wp-json\/wp\/v2\/posts"}],"about":[{"href":"https:\/\/agora.xtec.cat\/ceipjoventutcallus\/wp-json\/wp\/v2\/types\/post"}],"author":[{"embeddable":true,"href":"https:\/\/agora.xtec.cat\/ceipjoventutcallus\/wp-json\/wp\/v2\/users\/5"}],"replies":[{"embeddable":true,"href":"https:\/\/agora.xtec.cat\/ceipjoventutcallus\/wp-json\/wp\/v2\/comments?post=3334"}],"version-history":[{"count":3,"href":"https:\/\/agora.xtec.cat\/ceipjoventutcallus\/wp-json\/wp\/v2\/posts\/3334\/revisions"}],"predecessor-version":[{"id":3339,"href":"https:\/\/agora.xtec.cat\/ceipjoventutcallus\/wp-json\/wp\/v2\/posts\/3334\/revisions\/3339"}],"wp:attachment":[{"href":"https:\/\/agora.xtec.cat\/ceipjoventutcallus\/wp-json\/wp\/v2\/media?parent=3334"}],"wp:term":[{"taxonomy":"category","embeddable":true,"href":"https:\/\/agora.xtec.cat\/ceipjoventutcallus\/wp-json\/wp\/v2\/categories?post=3334"},{"taxonomy":"post_tag","embeddable":true,"href":"https:\/\/agora.xtec.cat\/ceipjoventutcallus\/wp-json\/wp\/v2\/tags?post=3334"}],"curies":[{"name":"wp","href":"https:\/\/api.w.org\/{rel}","templated":true}]}}